{"id":90900,"date":"2026-02-27T15:55:16","date_gmt":"2026-02-27T12:55:16","guid":{"rendered":"https:\/\/www.egemtv.com\/?p=90900"},"modified":"2026-02-27T15:55:17","modified_gmt":"2026-02-27T12:55:17","slug":"torbalida-geri-donusum-fabrikasinda-yangin","status":"publish","type":"post","link":"https:\/\/www.egemtv.com\/?p=90900","title":{"rendered":"Torbal\u0131\u2019da geri d\u00f6n\u00fc\u015f\u00fcm fabrikas\u0131nda yang\u0131n"},"content":{"rendered":"<p>\u0130zmir\u2019in Torbal\u0131 il\u00e7esindeki bir geri d\u00f6n\u00fc\u015f\u00fcm fabrikas\u0131nda \u00e7\u0131kan yang\u0131n biti\u015fikteki di\u011fer fabrikaya da s\u0131\u00e7rad\u0131. itfaiye ekipleri, her iki tesisi de saran alevleri kontrol alt\u0131na almak i\u00e7in m\u00fcdahale ba\u015flatt\u0131.<br \/>\n<br \/>Suba\u015f\u0131 Mahallesi\u2019nde faaliyet g\u00f6steren bir geri d\u00f6n\u00fc\u015f\u00fcm tesisinde saat 14.45 s\u0131ralar\u0131nda hen\u00fcz belirlenemeyen sebeple alevler y\u00fckselmeye ba\u015flad\u0131. \u00c7evredeki vatanda\u015flar\u0131n ihbar\u0131 \u00fczerine olay yerine \u00e7ok say\u0131da itfaiye ve polis ekibi sevk edildi. Yang\u0131n tesisteki materyallerin tutu\u015fmas\u0131yla h\u0131zla yay\u0131larak biti\u015fikteki ba\u015fka bir fabrikaya s\u0131\u00e7rad\u0131. G\u00f6ky\u00fcz\u00fcn\u00fc kaplayan yo\u011fun dumanlar il\u00e7enin farkl\u0131 noktalar\u0131ndan da g\u00f6r\u00fcld\u00fc. B\u00f6lgeye ula\u015fan itfaiye ekipleri, her iki tesisi de saran alevleri kontrol alt\u0131na almak i\u00e7in m\u00fcdahale ba\u015flatt\u0131. G\u00fcvenlik g\u00fc\u00e7leri \u00e7evre emniyetini al\u0131rken, itfaiye ekiplerinin yang\u0131n\u0131 s\u00f6nd\u00fcrme \u00e7al\u0131\u015fmalar\u0131 devam ediyor.<br \/><\/p>\n","protected":false},"excerpt":{"rendered":"<p>\u0130zmir\u2019in Torbal\u0131 il\u00e7esindeki bir geri d\u00f6n\u00fc\u015f\u00fcm fabrikas\u0131nda \u00e7\u0131kan yang\u0131n biti\u015fikteki di\u011fer fabrikaya da s\u0131\u00e7rad\u0131. itfaiye ekipleri, her iki tesisi de saran alevleri kontrol alt\u0131na almak i\u00e7in m\u00fcdahale ba\u015flatt\u0131. Suba\u015f\u0131 Mahallesi\u2019nde faaliyet g\u00f6steren bir geri d\u00f6n\u00fc\u015f\u00fcm tesisinde saat 14.45 s\u0131ralar\u0131nda hen\u00fcz belirlenemeyen sebeple alevler y\u00fckselmeye ba\u015flad\u0131. \u00c7evredeki vatanda\u015flar\u0131n ihbar\u0131 \u00fczerine olay yerine \u00e7ok say\u0131da itfaiye ve&#8230;<\/p>\n","protected":false},"author":1,"featured_media":90901,"comment_status":"open","ping_status":"open","sticky":false,"template":"","format":"standard","meta":{"_crdt_document":"","footnotes":""},"categories":[5],"tags":[],"class_list":["post-90900","post","type-post","status-publish","format-standard","has-post-thumbnail","hentry","category-asayis"],"_links":{"self":[{"href":"https:\/\/www.egemtv.com\/index.php?rest_route=\/wp\/v2\/posts\/90900","targetHints":{"allow":["GET"]}}],"collection":[{"href":"https:\/\/www.egemtv.com\/index.php?rest_route=\/wp\/v2\/posts"}],"about":[{"href":"https:\/\/www.egemtv.com\/index.php?rest_route=\/wp\/v2\/types\/post"}],"author":[{"embeddable":true,"href":"https:\/\/www.egemtv.com\/index.php?rest_route=\/wp\/v2\/users\/1"}],"replies":[{"embeddable":true,"href":"https:\/\/www.egemtv.com\/index.php?rest_route=%2Fwp%2Fv2%2Fcomments&post=90900"}],"version-history":[{"count":1,"href":"https:\/\/www.egemtv.com\/index.php?rest_route=\/wp\/v2\/posts\/90900\/revisions"}],"predecessor-version":[{"id":90902,"href":"https:\/\/www.egemtv.com\/index.php?rest_route=\/wp\/v2\/posts\/90900\/revisions\/90902"}],"wp:featuredmedia":[{"embeddable":true,"href":"https:\/\/www.egemtv.com\/index.php?rest_route=\/wp\/v2\/media\/90901"}],"wp:attachment":[{"href":"https:\/\/www.egemtv.com\/index.php?rest_route=%2Fwp%2Fv2%2Fmedia&parent=90900"}],"wp:term":[{"taxonomy":"category","embeddable":true,"href":"https:\/\/www.egemtv.com\/index.php?rest_route=%2Fwp%2Fv2%2Fcategories&post=90900"},{"taxonomy":"post_tag","embeddable":true,"href":"https:\/\/www.egemtv.com\/index.php?rest_route=%2Fwp%2Fv2%2Ftags&post=90900"}],"curies":[{"name":"wp","href":"https:\/\/api.w.org\/{rel}","templated":true}]}}