{"id":90897,"date":"2026-02-27T15:55:14","date_gmt":"2026-02-27T12:55:14","guid":{"rendered":"https:\/\/www.egemtv.com\/?p=90897"},"modified":"2026-02-27T15:55:15","modified_gmt":"2026-02-27T12:55:15","slug":"model-fabrika-ile-kapasite-yuzde-48-artarken-yapilan-yatirimlar-sadece-5-ayda-geri-donuyor","status":"publish","type":"post","link":"https:\/\/www.egemtv.com\/?p=90897","title":{"rendered":"Model Fabrika ile kapasite y\u00fczde 48 artarken, yap\u0131lan yat\u0131r\u0131mlar sadece 5 ayda geri d\u00f6n\u00fcyor"},"content":{"rendered":"<p>Denizli Model Fabrika a\u00e7\u0131l\u0131\u015f\u0131na kat\u0131lan Sanayi ve Teknoloji Bakan\u0131 Mehmet Fatih Kac\u0131r, yeni makine yat\u0131r\u0131m\u0131 yapmadan verimlili\u011fi y\u00fczde 76 art\u0131ran model fabrikalar\u0131n ba\u015far\u0131s\u0131n\u0131 vurgularken, dijital d\u00f6n\u00fc\u015f\u00fcm i\u00e7in sa\u011flanan 226 milyon liral\u0131k nakit deste\u011fin, stratejik te\u015fviklerin ve KOB\u0130\u2019lere y\u00f6nelik 300 milyon avroluk dev kayna\u011f\u0131n detaylar\u0131n\u0131 payla\u015ft\u0131.<\/p>\n<p>Bir dizi ziyaret kapsam\u0131nda Denizli\u2019ye gelen Sanayi ve Teknoloji Bakan\u0131 Mehmet Fatih Kac\u0131r, Denizli Model Fabrikan\u0131n a\u00e7\u0131l\u0131\u015f\u0131na kat\u0131ld\u0131. T\u00fcrkiye\u2019nin 12. Model Fabrikas\u0131 Denizli Sanayi Odas\u0131\u2019n\u0131n giri\u015fimleriyle Denizli Organize Sanayi B\u00f6lgesinde faaliyete ge\u00e7irildi. Model Fabrika a\u00e7\u0131l\u0131\u015f t\u00f6reninde konu\u015fan Denizli Sanayi Odas\u0131 Ba\u015fkan\u0131 Selim Kasapo\u011flu, &#8220;Denizli Sanayi Odas\u0131 Y\u00f6netim Kurulu Ba\u015fkanl\u0131\u011f\u0131 g\u00f6revimizin ilk g\u00fcnlerinde \u00f6n\u00fcm\u00fcze gelen en \u00f6nemli sorumluluklardan biri Model Fabrika projesiydi. Bu g\u00f6rev, bizim i\u00e7in s\u0131radan bir yat\u0131r\u0131m karar\u0131 de\u011fildi; bir vizyon meselesiydi. \u00c7\u00fcnk\u00fc Denizli \u00fcreten ve d\u00fcnya ile entegre bir \u015fehir. \u0130hracat\u0131yla, giri\u015fimci ruhuyla, de\u011fi\u015fime a\u00e7\u0131k vizyonuyla T\u00fcrkiye\u2019nin \u00f6nc\u00fc sanayi merkezlerinden biri. Sanayicimizin temel sorunlar\u0131n\u0131n ve sahadaki ihtiyac\u0131n Model Fabrikan\u0131n sundu\u011fu yakla\u015f\u0131m ile \u00f6rt\u00fc\u015ft\u00fc\u011f\u00fcn\u00fc daha en ba\u015f\u0131nda g\u00f6rd\u00fck. Sanayi ve Teknoloji Bakanl\u0131\u011f\u0131m\u0131z ile imzalad\u0131\u011f\u0131m\u0131z protokol sonras\u0131nda, Bakanl\u0131\u011f\u0131m\u0131z\u0131n ve ba\u011fl\u0131 kurumlar\u0131m\u0131z\u0131n g\u00fc\u00e7l\u00fc deste\u011fiyle, s\u00fcreci b\u00fcy\u00fck bir titizlikle y\u00fcr\u00fctt\u00fck. \u00c7ok k\u0131sa s\u00fcrede tamamlanan altyap\u0131 \u00e7al\u0131\u015fmalar\u0131yla, T\u00fcrkiye\u2019de en h\u0131zl\u0131 hayata ge\u00e7irilen Model Fabrikalar\u0131ndan biri olmay\u0131 ba\u015fard\u0131k. Bug\u00fcn 1,3 milyon dolarl\u0131k yat\u0131r\u0131m b\u00fcy\u00fckl\u00fc\u011f\u00fcne sahip, bin 200 metrekare kapal\u0131 alan\u0131 ve 400 kilowatt kurulu g\u00fcc\u00fc bulunan bir merkezden s\u00f6z ediyoruz. Geni\u015f payda\u015f temsilini esas alan bir Y\u00f6netim Kurulu yap\u0131s\u0131 kurduk, Odam\u0131z, Pamukkale \u00dcniversitesi Teknokent, Denizli OSB, Demi OSB ve alan\u0131nda yetkin profesyonel kadrosuyla hizmet veren bir verimlilik \u00fcss\u00fcn\u00fc Denizli\u2019ye kazand\u0131rd\u0131k&#8221; dedi.<\/p>\n<p>&#8220;Model Fabrika ile kapasite y\u00fczde 48 artarken, yap\u0131lan yat\u0131r\u0131mlar sadece 5 ayda geri d\u00f6n\u00fcyor&#8221;<br \/>\n<br \/>Model fabrikan\u0131n ilk faz \u00e7\u0131kt\u0131lar\u0131n\u0131n dikkat \u00e7eken Sanayi Odas\u0131 Ba\u015fkan\u0131 Selim Kasapo\u011flu, &#8220;Bu merkez, Denizli Organize Sanayi B\u00f6lgemizin tam kalbinde yer al\u0131yor. Sanayicinin \u00fcretim yapt\u0131\u011f\u0131 alanla i\u00e7 i\u00e7e, sahadan kopmadan \u00e7al\u0131\u015fan bir yap\u0131 kurgulad\u0131k. \u00c7\u00fcnk\u00fc biliyoruz ki verimlilik masa ba\u015f\u0131nda de\u011fil, \u00fcretim hatt\u0131nda in\u015fa edilir. Tamamlanan ilk programlar bize g\u00f6sterdi ki, Model Fabrikan\u0131n \u00e7\u0131kt\u0131lar\u0131 \u00e7arp\u0131c\u0131. \u0130lk faz uygulamalarda teslimat s\u00fcrelerinde y\u00fczde 35\u2019e varan iyile\u015fme, kapasitede y\u00fczde 48\u2019e varan art\u0131\u015f, genel verimlilikte y\u00fczde 56\u2019ya varan kazan\u0131mlar sa\u011fland\u0131. En dikkat \u00e7ekici sonu\u00e7lardan biri de projelerin geri d\u00f6n\u00fc\u015f s\u00fcresi oldu. Yap\u0131lan harcamalar\u0131n firmalara geri d\u00f6n\u00fc\u015f\u00fc 1 ila 5 ay aras\u0131nda ger\u00e7ekle\u015fti. Bu veriler \u015funu a\u00e7\u0131k\u00e7a ortaya koyuyor: Bu merkez maliyetleri azaltan, zaman\u0131 verimli kulland\u0131ran ve rekabet g\u00fcc\u00fcn\u00fc art\u0131ran bir yat\u0131r\u0131md\u0131r. Bu yakla\u015f\u0131m\u0131 yaln\u0131zca Model Fabrika ile s\u0131n\u0131rl\u0131 g\u00f6rm\u00fcyoruz. \u00d6n\u00fcm\u00fczdeki g\u00fcnlerde yine bu kompleksin i\u00e7inde hizmete ba\u015flamas\u0131 planlanan G\u00fcney Ege Ye\u015fil D\u00f6n\u00fc\u015f\u00fcm ve Verimlilik Test Merkezi\u2019nin \u00e7al\u0131\u015fmalar\u0131n\u0131 da e\u015f zamanl\u0131 olarak s\u00fcrd\u00fcr\u00fcyoruz&#8221; diye konu\u015ftu.<\/p>\n<p>&#8220;UNDP, T\u00fcrkiye\u2019de model fabrika deneyimini tan\u0131tmaya devam edecektir&#8221;<br \/>\n<br \/>Model Fabrika a\u00e7\u0131l\u0131\u015f t\u00f6renine kat\u0131lan Birle\u015fmi\u015f Milletler Genel Sekreter Yard\u0131mc\u0131s\u0131, UNDP Ba\u015fkan Yard\u0131mc\u0131s\u0131 ve Avrupa ve Orta Asya B\u00f6lge Direkt\u00f6r\u00fc Ivana ivkovi, &#8220;Bug\u00fcn burada Birle\u015fmi\u015f Milletler Kalk\u0131nma program\u0131 ad\u0131na sizlerle Model Fabrika a\u00e7\u0131l\u0131\u015f\u0131 kapsam\u0131nda sizlerle bir araya gelmekten mutluluk duyuyorum. Bu etkinli\u011fi ev sahipli\u011fi yapan Denizli Model Fabrikas\u0131n\u0131n kurulmas\u0131na y\u00f6nelik g\u00fc\u00e7l\u00fc liderlik kararl\u0131 destekleri i\u00e7in Sanayi ve Teknoloji Bakanl\u0131\u011f\u0131na, Sanayi Odas\u0131na i\u00e7ten te\u015fekk\u00fcrlerimi sunar\u0131m. Sadece \u00f6z\u00fcne bakt\u0131\u011f\u0131m\u0131zda Model Fabrika yakla\u015f\u0131m\u0131, rekabet\u00e7ilik demektir. Bu yakla\u015f\u0131m ise KOB\u0130\u2019lerin insan kayna\u011f\u0131 zaman ve enerji gibi kaynaklar\u0131n \u00e7ok daha etkin bir \u015fekilde kullanmalar\u0131n\u0131 sa\u011flayacakt\u0131r. Daha da karma\u015f\u0131k hale gelen k\u00fcresel ekonomide dayan\u0131kl\u0131l\u0131klar\u0131n\u0131 da g\u00fc\u00e7lendirecektir. T\u00fcrkiye dijital bir ye\u015fil d\u00f6n\u00fc\u015f\u00fcm g\u00fcndemini ilerletirken Model Fabrikada i\u015fletmelerinin kolayl\u0131k sa\u011flamas\u0131na, yenilik yapmas\u0131na ve b\u00fcy\u00fcmesine destek olmas\u0131nda kritik bir rol oynamaya devam edecektir. Bu modelin temel g\u00fc\u00e7l\u00fc y\u00f6nlerinden biri de \u00f6l\u00e7eklendirile bilirli\u011fidir. T\u00fcrkiye Model Fabrika modelini uluslararas\u0131 bir referans noktas\u0131 haline getirmi\u015ftir. T\u00fcrkiye sanayi d\u00f6n\u00fc\u015f\u00fcm\u00fcnde pratik ve y\u00fcksek etkili yakla\u015f\u0131mlar arayan \u00fclkeler i\u00e7in bir rol model olarak g\u00f6r\u00fclmektedir. Yak\u0131n zamanda Kazakistan\u2019dan yap\u0131lan inceleme ama\u00e7l\u0131 ziyaretler bizde tam olarak bunu g\u00f6stermektedir. Yenili\u011fi bakt\u0131\u011f\u0131m\u0131zda UNDP, T\u00fcrkiye\u2019de model fabrika deneyimini b\u00f6lgesel ve k\u00fcresel d\u00fczeyde tan\u0131tmaya devam edecektir. Denizli\u2019de a\u00e7\u0131l\u0131\u015f\u0131n\u0131 yapt\u0131\u011f\u0131m\u0131z Model Fabrika kapsay\u0131c\u0131, verimlilik odakl\u0131 ve s\u00fcrd\u00fcr\u00fclebilir sanayi kalk\u0131nmas\u0131 arayan \u00fclkeler i\u00e7in olduk\u00e7a de\u011ferli dersler sunmaktad\u0131r&#8221; ifadelerini kulland\u0131.<\/p>\n<p>&#8220;Dijital d\u00f6n\u00fc\u015f\u00fcme 226 milyon lira nakit destek sa\u011fl\u0131yoruz&#8221;<br \/>\n<br \/>Cumhurba\u015fkan\u0131 Recep Tayyip Erdo\u011fan\u2019\u0131n liderli\u011finde son 23 y\u0131lda her alanda yerli ve milli kapasiteyi g\u00fc\u00e7lendiren \u00e7ok y\u00f6nl\u00fc ve kararl\u0131 ad\u0131mlar att\u0131klar\u0131n\u0131 ifade eden Sanayi ve Teknoloji Bakan\u0131 Mehmet Fatih Kac\u0131r, Askeri insans\u0131z hava arac\u0131 \u00fcretiminde d\u00fcnyada, ticari ara\u00e7, g\u00fcne\u015f paneli, otob\u00fcs, beyaz e\u015fya, tekstil, a\u011fa\u00e7 \u00fcr\u00fcnleri ve \u00e7elik \u00fcretiminde Avrupa\u2019da birinci oldu\u011fumuzu vurgulad\u0131. 23 y\u0131lda teknoloji alan\u0131nda y\u0131ll\u0131k \u00fcr\u00fcn ihracat\u0131 36 milyar dolardan, 273 milyar dolar\u0131 a\u015ft\u0131\u011f\u0131n\u0131 vurgulayan Bakan Kac\u0131r, &#8220;Ula\u015ft\u0131\u011f\u0131m\u0131z bu seviye, bizler i\u00e7in \u00e7ok daha b\u00fcy\u00fck hamlelerin ba\u015flang\u0131c\u0131d\u0131r. Hedefimiz; \u00fclkemizi T\u00fcrkiye Y\u00fczy\u0131l\u0131\u2019nda katma de\u011ferli \u00fcretim altyap\u0131s\u0131yla, teknoloji geli\u015ftirme ve \u00fcretmede olu\u015fturdu\u011fumuz muazzam kapasiteyle d\u00fcnyada hak etti\u011fi konuma ta\u015f\u0131makt\u0131r. Milli Teknoloji Hamlesi vizyonumuzu ger\u00e7e\u011fe d\u00f6n\u00fc\u015ft\u00fcrmektir. Bu do\u011frultuda; y\u00fcksek katma de\u011ferli, rekabet\u00e7i ve s\u00fcrd\u00fcr\u00fclebilir \u00fcretim altyap\u0131m\u0131z\u0131 bir \u00fcst lige ta\u015f\u0131yacak dijital d\u00f6n\u00fc\u015f\u00fcm hamlelerini hayata ge\u00e7iriyoruz. Dijital D\u00f6n\u00fc\u015f\u00fcm Program\u0131yla; firmalar\u0131m\u0131z\u0131n teknolojik olgunluk seviyelerini y\u00fckseltmeye, \u00fcretim s\u00fcre\u00e7lerini ak\u0131ll\u0131 sistemlerle modernize etmeye ve dijital altyap\u0131lar\u0131n\u0131 g\u00fc\u00e7lendirmeye d\u00f6n\u00fck yat\u0131r\u0131m projelerine yeni te\u015fvik sistemimizle stratejik te\u015fvikler sunuyoruz. 226 milyon liraya kadar nakit destek, yat\u0131r\u0131mlar\u0131n y\u00fczde 40\u2019\u0131na kadar vergi indirimi sa\u011fl\u0131yoruz. Dijital d\u00f6n\u00fc\u015f\u00fcm\u00fcn tabana yay\u0131lmas\u0131 ve kal\u0131c\u0131 rekabet g\u00fcc\u00fc \u00fcretmesi i\u00e7in Avrupa \u0130mar ve Kalk\u0131nma Bankas\u0131ndan sa\u011flad\u0131\u011f\u0131m\u0131z 300 milyon avro kayna\u011f\u0131, KOSGEB eliyle KOB\u0130\u2019lerimizin dijital d\u00f6n\u00fc\u015f\u00fcm projelerine y\u00f6nlendirdik&#8221; dedi.<\/p>\n<p>&#8220;Model fabrikalar\u0131m\u0131zdan &#8220;\u00f6\u011fren-uygula-d\u00f6n\u00fc\u015f&#8221; hizmeti alan i\u015fletmelerimiz verimlilikte y\u00fczde 76\u2019ya varan art\u0131\u015f sa\u011flad\u0131&#8221;<br \/>\n<br \/>Model fabrikalardan &#8220;\u00f6\u011fren-d\u00f6n\u00fc\u015f&#8221; hizmeti alan i\u015fletmeler, yeni makine yat\u0131r\u0131m\u0131 yapmadan verimlilikte y\u00fczde 76\u2019ya varan art\u0131\u015f, \u00fcretim s\u00fcrelerinde y\u00fczde 34 k\u0131salma ve \u00fcretim miktar\u0131nda y\u00fczde 140\u2019a ula\u015fan y\u00fckseli\u015f sa\u011flad\u0131\u011f\u0131n\u0131 vurgulayan Bakan Kac\u0131r, &#8220;Model fabrikalar\u0131m\u0131z tam da bu anlay\u0131\u015f\u0131n sahadaki en ba\u015far\u0131l\u0131 uygulama merkezleri olarak konumlan\u0131yor. Sanayicimizi, emek\u00e7ilerimizi yal\u0131n \u00fcretim ve dijital d\u00f6n\u00fc\u015f\u00fcmle bulu\u015fturan bu &#8220;\u00f6\u011fren &#8211; uygula- d\u00f6n\u00fc\u015f&#8221; merkezlerimizin ilkini 2018 y\u0131l\u0131nda hizmete ald\u0131k. O g\u00fcnden bug\u00fcne \u00fcretim s\u00fcre\u00e7lerinde israf\u0131n \u00f6nlenmesi, kalite ve verimin y\u00fckseltilmesi, s\u00fcre\u00e7lerin yal\u0131nla\u015ft\u0131r\u0131lmas\u0131na d\u00f6n\u00fck \u00f6nemli kazan\u0131mlar elde ettik. Bak\u0131n\u0131z, model fabrikalar\u0131m\u0131zdan &#8220;\u00f6\u011fren-d\u00f6n\u00fc\u015f&#8221; hizmeti alan i\u015fletmelerimiz; verimlilikte y\u00fczde 76\u2019ya varan art\u0131\u015f, \u00fcretim s\u00fcrelerinde ortalama y\u00fczde 34 k\u0131salma ve \u00fcretim miktar\u0131nda y\u00fczde 140\u2019a ula\u015fan art\u0131\u015f sa\u011flad\u0131klar\u0131n\u0131 ifade ediyor. Bu ba\u015far\u0131y\u0131 daha da k\u0131ymetli k\u0131lan, firmalar\u0131n herhangi bir yeni makine ve teknoloji yat\u0131r\u0131m\u0131 yapmadan sa\u011flam\u0131\u015f olmalar\u0131d\u0131r. Ortaya koydu\u011fu somut sonu\u00e7lar ve sanayicilerimizden gelen yo\u011fun talep do\u011frultusunda, model fabrikalar\u0131m\u0131z\u0131n say\u0131s\u0131n\u0131 T\u00fcrkiye genelinde 12\u2019ye ula\u015ft\u0131rd\u0131k. Bug\u00fcn de Denizli\u2019nin \u00fcretim g\u00fcc\u00fcn\u00fc art\u0131racak ve verimli k\u0131lacak yeni model fabrikam\u0131z\u0131 hamdolsun devreye al\u0131yoruz. 24 milyon lira yat\u0131r\u0131mla, \u00fcretimin nabz\u0131n\u0131n att\u0131\u011f\u0131 Denizli Organize Sanayi B\u00f6lgemizde hayata ge\u00e7irilen dijital d\u00f6n\u00fc\u015f\u00fcm \u00fcss\u00fcm\u00fcz; Denizli\u2019nin k\u00f6kl\u00fc \u00fcretim k\u00fclt\u00fcr\u00fcn\u00fc yal\u0131n \u00fcretim felsefesi ve dijital zek\u00e2 ile harmanlayacak. Model fabrikam\u0131z b\u00fcnyesinde faaliyet g\u00f6sterecek &#8220;G\u00fcney Ege Ye\u015fil D\u00f6n\u00fc\u015f\u00fcm ve Verimlilik Test Merkezi&#8221; de enerji verimlili\u011fi \u00f6l\u00e7\u00fcmleri, karbon ve su ayak izi hesaplamalar\u0131 ile temiz \u00fcretim uygulamalar\u0131nda sanayicilerimize rehberlik edecek. G\u00fcney Ege Kalk\u0131nma Ajans\u0131m\u0131z\u0131n 15,5 milyon lira deste\u011fiyle hayata ge\u00e7irilen merkezin kurulumunu bu y\u0131l tamamlayaca\u011f\u0131z. Bizler; Denizli\u2019mizin kalk\u0131nmas\u0131na, b\u00fcy\u00fcmesine katk\u0131 sunmaya devam edece\u011fiz. Yat\u0131r\u0131mlar\u0131 ivmelendiren te\u015fvik mekanizmalar\u0131m\u0131z, planl\u0131 sanayi alanlar\u0131m\u0131z, KOB\u0130\u2019lere sundu\u011fumuz destekler ve b\u00f6lgesel kalk\u0131nma projelerimizle Ege\u2019nin parlayan y\u0131ld\u0131z\u0131 Denizli\u2019yi ihya etmeye devam edece\u011fiz&#8221; ifadelerini kulland\u0131.<\/p>\n<p>&#8220;OSB\u2019lerde SGK deste\u011fi, faiz indirimi ve y\u00fczde 60\u2019a varan vergi avantaj\u0131 sa\u011flanacak&#8221;<br \/>\n<br \/>Organize Sanayi B\u00f6lgelerinde yap\u0131lacak yat\u0131r\u0131mlara y\u00f6nelik yeni te\u015fvik sistemi kapsam\u0131nda, istihdam edilecek \u00e7al\u0131\u015fanlar\u0131n SGK i\u015fveren pay\u0131n\u0131n yar\u0131s\u0131 2 y\u0131l boyunca Bakanl\u0131k taraf\u0131ndan kar\u015f\u0131lanaca\u011f\u0131n\u0131 yat\u0131r\u0131m kredilerine 30,1 milyon liraya kadar 9,25 puan faiz\/k\u00e2r pay\u0131 deste\u011fi ve y\u00fczde 60\u2019a varan vergi indirimi sa\u011flanaca\u011f\u0131n\u0131 duyuran Bakan Kac\u0131r, &#8220;Yeni te\u015fvik sistemimizle \u015fehrimizin Organize Sanayi B\u00f6lgelerinde yap\u0131lacak yat\u0131r\u0131mlarda istihdam edilecek \u00e7al\u0131\u015fanlar\u0131n SGK \u0130\u015fveren Pay\u0131n\u0131n yar\u0131s\u0131n\u0131 2 y\u0131l boyunca Bakanl\u0131k olarak kar\u015f\u0131l\u0131yoruz. \u015eehrimizde yap\u0131lacak yat\u0131r\u0131mlarda kullan\u0131lacak krediler i\u00e7in 30,1 milyon liraya kadar 9,25 puan faiz\/k\u00e2r pay\u0131 deste\u011fi sunuyoruz. Yat\u0131r\u0131m\u0131n niteli\u011fine g\u00f6re y\u00fczde 30\u2019a varan yat\u0131r\u0131ma katk\u0131 oran\u0131 ile y\u00fczde 60 vergi indirimi sa\u011fl\u0131yoruz. Yat\u0131r\u0131m makinelerinde KDV istisnas\u0131 ve g\u00fcmr\u00fck vergisi muafiyeti veriyoruz. Yeni te\u015fvik sistemimizin sac ayaklar\u0131ndan biri olan Yerel Kalk\u0131nma Hamlesi Te\u015fvik Program\u0131n\u0131n ge\u00e7ti\u011fimiz y\u0131lki \u00e7a\u011fr\u0131s\u0131nda Denizli\u2019de ger\u00e7ekle\u015ftirilecek. &#8220;Termoreg\u00fclasyon Battaniye ve Teknik Kuma\u015f \u00dcretimi&#8221; ve &#8220;Ula\u015f\u0131m Ara\u00e7lar\u0131 Aksam ve Par\u00e7alar\u0131nda Kullan\u0131lan Teknik Tekstil \u00dcr\u00fcnleri \u00dcretimi&#8221; konular\u0131nda 476 milyon liral\u0131k yat\u0131r\u0131m ba\u015fvurusu ald\u0131k. Program kapsam\u0131nda bu y\u0131l; Do\u011fa temelli turizm yat\u0131r\u0131mlar\u0131, Orta ve y\u00fcksek teknoloji makine ve otomasyon sistemleri ile yedek par\u00e7a \u00fcretimi, Y\u00fcksek katma de\u011ferli teknik tekstil \u00fcr\u00fcnleri ve fonksiyonel kuma\u015f \u00fcretimi ve Y\u00fcksek katma de\u011ferli tel ve kablo \u00fcretimi yat\u0131r\u0131mlar\u0131n\u0131 \u015fehrimize kazand\u0131rmay\u0131 hedefliyoruz. Bu projeler i\u00e7in 301 milyon liraya kadar finansman deste\u011fi ve yat\u0131r\u0131m\u0131n y\u00fczde 50\u2019si oran\u0131nda vergi indirimi sa\u011flayaca\u011f\u0131z. Bu anlay\u0131\u015fla G\u00fcney Ege Kalk\u0131nma Ajans\u0131m\u0131z vas\u0131tas\u0131yla ilimizde y\u00fcr\u00fct\u00fclen 526 kalk\u0131nma projesine 1,2 milyar lira destek sa\u011flad\u0131k. \u015eehrimizin sanayicisi, \u00fcreticisi her daim yan\u0131nda g\u00fc\u00e7l\u00fc bir omuz, kuvvetli bir destek oldu\u011funu bilerek, ad\u0131mlar\u0131n\u0131 g\u00fcvenle atacak&#8221; \u015feklinde konu\u015ftu.<\/p>\n<p>&#8220;\u0130malat sanayine 100 milyar liral\u0131k finansman, y\u00fczde 23\u2019e kadar d\u00fc\u015fen maliyet ve 3 bin 500 lira \u00e7al\u0131\u015fan deste\u011fi&#8221;<br \/>\n<br \/>&#8220;\u0130malat Sanayi i\u00e7in Kredi Finansman\u0131 ve \u0130stihdam\u0131 Koruma Program\u0131&#8221; kapsam\u0131nda, i\u015fletmelere 100 milyar liral\u0131k finansman imk\u00e2n\u0131 sunulurken, \u00e7al\u0131\u015fan ba\u015f\u0131na destek tutar\u0131 3 bin 500 liraya \u00e7\u0131kar\u0131ld\u0131\u011f\u0131n\u0131, firmalar 50 milyon liraya kadar, 6 ay\u0131 geri \u00f6demesiz ve 36 ay vadeli krediye y\u00fczde 23\u2019e kadar d\u00fc\u015fen finansman maliyetiyle ula\u015fabilece\u011fi m\u00fcjdesini veren Bakan Mehmet Fatih Kac\u0131r, &#8220;Cumhurba\u015fkan\u0131m\u0131z\u0131n bizzat m\u00fcjdesini verdi\u011fi \u0130malat Sanayi i\u00e7in Kredi Finansman\u0131 ve \u0130stihdam\u0131 Koruma Program\u0131yla; tekstil, giyim, deri ve mobilya sekt\u00f6rlerindeki i\u015fletmelerimize sundu\u011fumuz \u00e7al\u0131\u015fan ba\u015f\u0131na destek tutar\u0131n\u0131 3 bin 500 liraya \u00e7\u0131kard\u0131k ve program\u0131m\u0131za b\u00fcy\u00fck \u00f6l\u00e7ekli firmalar\u0131 dahil ettik. T\u00fcm imalat sanayi firmalar\u0131m\u0131z\u0131n yararlanmas\u0131 i\u00e7in, bankalar\u0131m\u0131zla birlikte 100 milyar lira b\u00fcy\u00fckl\u00fc\u011f\u00fcnde finansman program\u0131 olu\u015fturduk. Program kapsam\u0131nda; KOB\u0130\u2019lerimiz ve b\u00fcy\u00fck \u00f6l\u00e7ekli firmalar\u0131m\u0131z; bir ayl\u0131k istihdam maliyetleriyle orant\u0131l\u0131 olarak 50 milyon liraya kadar krediye, 6 ay\u0131 anapara \u00f6demesiz ve 36 aya kadar vadeli, uygun \u015fartlarda ula\u015fabilecek. Finansman maliyeti y\u00fczde 33\u2019e kadar d\u00fc\u015fecek.  Finansman program\u0131 kapsam\u0131nda KOB\u0130\u2019lerimize kefalet deste\u011fi sunaca\u011f\u0131z. Yine finansman program\u0131ndaki \u00f6nemli bir destek unsurumuz da, do\u011frudan 3 bin 500 lira maa\u015f deste\u011finden yararlanamayan sekt\u00f6rlerimizdeki firmalara y\u00f6nelik olacak. Emek yo\u011fun d\u00f6rt sekt\u00f6r d\u0131\u015f\u0131ndaki imalat sanayi sekt\u00f6rlerinde faaliyet g\u00f6steren KOB\u0130\u2019lerimizin, 2025 y\u0131l\u0131 Kas\u0131m-Aral\u0131k ortalama istihdam d\u00fczeylerini koruma taahh\u00fcd\u00fc kar\u015f\u0131l\u0131\u011f\u0131nda, kulland\u0131klar\u0131 kredilerde finansman maliyetinin 10 puan\u0131n\u0131 KOSGEB olarak biz kar\u015f\u0131layaca\u011f\u0131z. B\u00f6ylelikle y\u0131ll\u0131k finansman maliyeti y\u00fczde 23\u2019e kadar d\u00fc\u015fm\u00fc\u015f olacak. Bu kapsaml\u0131 finansman program\u0131na i\u015fletmelerimiz, 2 Mart\u2019tan itibaren ba\u015fvurabilecek. Denizli, hayata ge\u00e7irdi\u011fimiz kalk\u0131nma hamleleriyle in\u015fallah T\u00fcrkiye Y\u00fczy\u0131l\u0131\u2019n\u0131n emsal \u015fehri olacak.  S\u00f6zlerime son verirken Denizli Model Fabrika\u2019m\u0131z\u0131n \u015fehrimize hay\u0131rl\u0131 ve u\u011furlu olmas\u0131n\u0131 diliyorum&#8221; diye konu\u015ftu.<\/p>\n<p>Model Fabrika a\u00e7\u0131l\u0131\u015f t\u00f6renine, Sanayi ve Teknoloji Bakan\u0131 Mehmet Fatih Kac\u0131r, T\u00fcrkiye Cumhuriyeti Birle\u015fmi\u015f Milletler Daimi Temsilcisi Ahmet Y\u0131ld\u0131z, Birle\u015fmi\u015f Milletler Genel Sekreter Yard\u0131mc\u0131s\u0131, UNDP Ba\u015fkan Yard\u0131mc\u0131s\u0131 ve Avrupa ve Orta Asya B\u00f6lge Direkt\u00f6r\u00fc Ivana ivkovi, Denizli Valisi Yavuz Selim K\u00f6\u015fger, Denizli milletvekilleri, Denizli Sanayi Odas\u0131 Ba\u015fkan\u0131 Selim Kasapo\u011flu, Denizli Organize Sanayi B\u00f6lgesi Y\u00f6netim Kurulu Ba\u015fkan\u0131 Derya Baltal\u0131, Denizli Ticaret Odas\u0131 Ba\u015fkan\u0131 U\u011fur Erdo\u011fan ve sanayiciler kat\u0131ld\u0131. Kurdele kesiminin ard\u0131ndan Bakan Kac\u0131r ve beraberindeki heyet Model Fabrikay\u0131 inceleyerek, g\u00f6revlilerden bilgi ald\u0131.<br \/><\/p>\n","protected":false},"excerpt":{"rendered":"<p>Denizli Model Fabrika a\u00e7\u0131l\u0131\u015f\u0131na kat\u0131lan Sanayi ve Teknoloji Bakan\u0131 Mehmet Fatih Kac\u0131r, yeni makine yat\u0131r\u0131m\u0131 yapmadan verimlili\u011fi y\u00fczde 76 art\u0131ran model fabrikalar\u0131n ba\u015far\u0131s\u0131n\u0131 vurgularken, dijital d\u00f6n\u00fc\u015f\u00fcm i\u00e7in sa\u011flanan 226 milyon liral\u0131k nakit deste\u011fin, stratejik te\u015fviklerin ve KOB\u0130\u2019lere y\u00f6nelik 300 milyon avroluk dev kayna\u011f\u0131n detaylar\u0131n\u0131 payla\u015ft\u0131. Bir dizi ziyaret kapsam\u0131nda Denizli\u2019ye gelen Sanayi ve Teknoloji Bakan\u0131&#8230;<\/p>\n","protected":false},"author":1,"featured_media":90898,"comment_status":"open","ping_status":"open","sticky":false,"template":"","format":"standard","meta":{"_crdt_document":"","footnotes":""},"categories":[125],"tags":[],"class_list":["post-90897","post","type-post","status-publish","format-standard","has-post-thumbnail","hentry","category-ekonomi"],"_links":{"self":[{"href":"https:\/\/www.egemtv.com\/index.php?rest_route=\/wp\/v2\/posts\/90897","targetHints":{"allow":["GET"]}}],"collection":[{"href":"https:\/\/www.egemtv.com\/index.php?rest_route=\/wp\/v2\/posts"}],"about":[{"href":"https:\/\/www.egemtv.com\/index.php?rest_route=\/wp\/v2\/types\/post"}],"author":[{"embeddable":true,"href":"https:\/\/www.egemtv.com\/index.php?rest_route=\/wp\/v2\/users\/1"}],"replies":[{"embeddable":true,"href":"https:\/\/www.egemtv.com\/index.php?rest_route=%2Fwp%2Fv2%2Fcomments&post=90897"}],"version-history":[{"count":1,"href":"https:\/\/www.egemtv.com\/index.php?rest_route=\/wp\/v2\/posts\/90897\/revisions"}],"predecessor-version":[{"id":90899,"href":"https:\/\/www.egemtv.com\/index.php?rest_route=\/wp\/v2\/posts\/90897\/revisions\/90899"}],"wp:featuredmedia":[{"embeddable":true,"href":"https:\/\/www.egemtv.com\/index.php?rest_route=\/wp\/v2\/media\/90898"}],"wp:attachment":[{"href":"https:\/\/www.egemtv.com\/index.php?rest_route=%2Fwp%2Fv2%2Fmedia&parent=90897"}],"wp:term":[{"taxonomy":"category","embeddable":true,"href":"https:\/\/www.egemtv.com\/index.php?rest_route=%2Fwp%2Fv2%2Fcategories&post=90897"},{"taxonomy":"post_tag","embeddable":true,"href":"https:\/\/www.egemtv.com\/index.php?rest_route=%2Fwp%2Fv2%2Ftags&post=90897"}],"curies":[{"name":"wp","href":"https:\/\/api.w.org\/{rel}","templated":true}]}}