{"id":90894,"date":"2026-02-27T15:55:13","date_gmt":"2026-02-27T12:55:13","guid":{"rendered":"https:\/\/www.egemtv.com\/?p=90894"},"modified":"2026-02-27T15:55:14","modified_gmt":"2026-02-27T12:55:14","slug":"basketbol-turnuvasi-final-maciyla-tamamlandi","status":"publish","type":"post","link":"https:\/\/www.egemtv.com\/?p=90894","title":{"rendered":"Basketbol turnuvas\u0131 final ma\u00e7\u0131yla tamamland\u0131"},"content":{"rendered":"<p>Ayd\u0131n\u2019da ger\u00e7ekle\u015ftirilen basketbol il birincili\u011fi m\u00fcsabakalar\u0131, k\u0131yas\u0131ya m\u00fccadeleye sahne olan final ma\u00e7\u0131yla tamamland\u0131.<\/p>\n<p>Ayd\u0131n Gen\u00e7lik ve Spor \u0130l M\u00fcd\u00fcrl\u00fc\u011f\u00fc koordinesinde yap\u0131lan Okul Sporlar\u0131 Faaliyet Program\u0131 kapsam\u0131ndaki Y\u0131ld\u0131zlar (K\u0131zlar ve Erkekler) 3&#215;3 Basketbol \u0130l Birincili\u011fi m\u00fcsabakalar\u0131, Ayd\u0131n Lisesi Spor Salonu\u2019nda oynanan final kar\u015f\u0131la\u015fmalar\u0131n\u0131n ard\u0131ndan sona erdi. Turnuvaya y\u0131ld\u0131z k\u0131zlar kategorisinde 30, y\u0131ld\u0131z erkekler kategorisinde ise 96 sporcu olmak \u00fczere toplam 126 sporcu kat\u0131l\u0131m sa\u011flad\u0131. K\u0131yas\u0131ya m\u00fccadelelere sahne olan organizasyonda tak\u0131mlar, hem bireysel performanslar\u0131 hem de tak\u0131m oyunundaki uyumlar\u0131yla dikkat \u00e7ekti.  Final m\u00fcsabakalar\u0131n\u0131n ard\u0131ndan dereceye giren tak\u0131mlara kupa ve madalyalar\u0131 takdim edildi. Organizasyon, gen\u00e7 sporcular\u0131n sportif geli\u015fimlerine katk\u0131 sa\u011flaman\u0131n yan\u0131 s\u0131ra fair-play ruhunun \u00f6n planda oldu\u011fu kar\u015f\u0131la\u015fmalara sahne oldu.<\/p>\n<p>Ayd\u0131n Gen\u00e7lik ve Spor \u0130l M\u00fcd\u00fcrl\u00fc\u011f\u00fc\u2019nden yap\u0131lan a\u00e7\u0131klamada, m\u00fcsabakalara kat\u0131l\u0131m sa\u011flayan t\u00fcm sporcular, beden e\u011fitimi \u00f6\u011fretmenleri ve antren\u00f6rleri tebrik edilirken, dereceye giren tak\u0131mlara ba\u015far\u0131lar\u0131n\u0131n devam\u0131 temennisinde bulunuldu.<br \/><\/p>\n","protected":false},"excerpt":{"rendered":"<p>Ayd\u0131n\u2019da ger\u00e7ekle\u015ftirilen basketbol il birincili\u011fi m\u00fcsabakalar\u0131, k\u0131yas\u0131ya m\u00fccadeleye sahne olan final ma\u00e7\u0131yla tamamland\u0131. Ayd\u0131n Gen\u00e7lik ve Spor \u0130l M\u00fcd\u00fcrl\u00fc\u011f\u00fc koordinesinde yap\u0131lan Okul Sporlar\u0131 Faaliyet Program\u0131 kapsam\u0131ndaki Y\u0131ld\u0131zlar (K\u0131zlar ve Erkekler) 3&#215;3 Basketbol \u0130l Birincili\u011fi m\u00fcsabakalar\u0131, Ayd\u0131n Lisesi Spor Salonu\u2019nda oynanan final kar\u015f\u0131la\u015fmalar\u0131n\u0131n ard\u0131ndan sona erdi. Turnuvaya y\u0131ld\u0131z k\u0131zlar kategorisinde 30, y\u0131ld\u0131z erkekler kategorisinde ise 96&#8230;<\/p>\n","protected":false},"author":1,"featured_media":90895,"comment_status":"open","ping_status":"open","sticky":false,"template":"","format":"standard","meta":{"_crdt_document":"","footnotes":""},"categories":[4],"tags":[],"class_list":["post-90894","post","type-post","status-publish","format-standard","has-post-thumbnail","hentry","category-spor"],"_links":{"self":[{"href":"https:\/\/www.egemtv.com\/index.php?rest_route=\/wp\/v2\/posts\/90894","targetHints":{"allow":["GET"]}}],"collection":[{"href":"https:\/\/www.egemtv.com\/index.php?rest_route=\/wp\/v2\/posts"}],"about":[{"href":"https:\/\/www.egemtv.com\/index.php?rest_route=\/wp\/v2\/types\/post"}],"author":[{"embeddable":true,"href":"https:\/\/www.egemtv.com\/index.php?rest_route=\/wp\/v2\/users\/1"}],"replies":[{"embeddable":true,"href":"https:\/\/www.egemtv.com\/index.php?rest_route=%2Fwp%2Fv2%2Fcomments&post=90894"}],"version-history":[{"count":1,"href":"https:\/\/www.egemtv.com\/index.php?rest_route=\/wp\/v2\/posts\/90894\/revisions"}],"predecessor-version":[{"id":90896,"href":"https:\/\/www.egemtv.com\/index.php?rest_route=\/wp\/v2\/posts\/90894\/revisions\/90896"}],"wp:featuredmedia":[{"embeddable":true,"href":"https:\/\/www.egemtv.com\/index.php?rest_route=\/wp\/v2\/media\/90895"}],"wp:attachment":[{"href":"https:\/\/www.egemtv.com\/index.php?rest_route=%2Fwp%2Fv2%2Fmedia&parent=90894"}],"wp:term":[{"taxonomy":"category","embeddable":true,"href":"https:\/\/www.egemtv.com\/index.php?rest_route=%2Fwp%2Fv2%2Fcategories&post=90894"},{"taxonomy":"post_tag","embeddable":true,"href":"https:\/\/www.egemtv.com\/index.php?rest_route=%2Fwp%2Fv2%2Ftags&post=90894"}],"curies":[{"name":"wp","href":"https:\/\/api.w.org\/{rel}","templated":true}]}}