{"id":90888,"date":"2026-02-27T15:35:00","date_gmt":"2026-02-27T12:35:00","guid":{"rendered":"https:\/\/www.egemtv.com\/?p=90888"},"modified":"2026-02-27T15:35:01","modified_gmt":"2026-02-27T12:35:01","slug":"baskan-tetik-ogrencilere-belediyeciligi-anlatti","status":"publish","type":"post","link":"https:\/\/www.egemtv.com\/?p=90888","title":{"rendered":"Ba\u015fkan Tetik \u00f6\u011frencilere belediyecili\u011fi anlatt\u0131"},"content":{"rendered":"<p>Ayd\u0131n\u2019\u0131n Nazilli il\u00e7esinde ilkokul \u00f6\u011frencileri ile bir araya gelen Belediye Ba\u015fkan\u0131 Dr. Ertu\u011frul Tetik, \u00e7ocuklara belediyecili\u011fi anlatt\u0131.<\/p>\n<p>Nazilli Belediye Ba\u015fkan\u0131 Dr. Ertu\u011frul Tetik, belediyenin \u00e7al\u0131\u015fmalar\u0131 hakk\u0131nda \u00f6\u011frencileri bilgilendirmek amac\u0131yla Yavuz Selim \u0130lkokulu\u2019nu ziyaret etti. Minik \u00f6\u011frencilerle bir araya gelerek yerel y\u00f6netimlerin g\u00f6rev ve sorumluluklar\u0131n\u0131 anlatan Ba\u015fkan Tetik, il\u00e7ede s\u00fcrd\u00fcr\u00fclen yol yap\u0131m, \u00e7evre d\u00fczenlemesi, temizlik, park ve sosyal projeler hakk\u0131nda bilgi vererek, belediyecili\u011fin g\u00fcnl\u00fck ya\u015fam \u00fczerindeki etkilerine de\u011findi. Ziyaret kapsam\u0131nda \u00f6\u011frenciler i\u00e7in belediyenin faaliyetlerini anlatan \u00f6zel bir animasyon videosu izletildi. E\u011fitici ve e\u011flenceli i\u00e7erikle haz\u0131rlanan video, \u00e7ocuklar\u0131n yerel y\u00f6netim hizmetlerini daha iyi anlamas\u0131n\u0131 sa\u011flad\u0131. Video g\u00f6steriminin ard\u0131ndan \u00f6\u011frenciler, \u00f6nceden haz\u0131rlad\u0131klar\u0131 sorular\u0131 Ba\u015fkan Tetik\u2019e y\u00f6neltti. \u00c7ocuklar\u0131n merak etti\u011fi konular\u0131 tek tek yan\u0131tlayan Tetik, \u00f6zellikle \u00e7evre temizli\u011fi, parklar\u0131n korunmas\u0131 ve geri d\u00f6n\u00fc\u015f\u00fcm konular\u0131nda duyarl\u0131 olunmas\u0131 gerekti\u011fini vurgulad\u0131. \u00d6\u011frencilerin bilin\u00e7li bireyler olarak yeti\u015fmesinin \u00f6nemine dikkat \u00e7eken Tetik, yerel y\u00f6netimlerin toplumun her kesimiyle ileti\u015fim i\u00e7inde olmas\u0131 gerekti\u011fini ifade etti. Okul y\u00f6netimi ve \u00f6\u011fretmenler, \u00f6\u011frencilerin yerel y\u00f6netimler hakk\u0131nda do\u011frudan bilgi almas\u0131n\u0131n \u00f6nemli bir kazan\u0131m oldu\u011funu belirterek ziyaretten duyduklar\u0131 memnuniyeti dile getirdi.<br \/><\/p>\n","protected":false},"excerpt":{"rendered":"<p>Ayd\u0131n\u2019\u0131n Nazilli il\u00e7esinde ilkokul \u00f6\u011frencileri ile bir araya gelen Belediye Ba\u015fkan\u0131 Dr. Ertu\u011frul Tetik, \u00e7ocuklara belediyecili\u011fi anlatt\u0131. Nazilli Belediye Ba\u015fkan\u0131 Dr. Ertu\u011frul Tetik, belediyenin \u00e7al\u0131\u015fmalar\u0131 hakk\u0131nda \u00f6\u011frencileri bilgilendirmek amac\u0131yla Yavuz Selim \u0130lkokulu\u2019nu ziyaret etti. Minik \u00f6\u011frencilerle bir araya gelerek yerel y\u00f6netimlerin g\u00f6rev ve sorumluluklar\u0131n\u0131 anlatan Ba\u015fkan Tetik, il\u00e7ede s\u00fcrd\u00fcr\u00fclen yol yap\u0131m, \u00e7evre d\u00fczenlemesi, temizlik, park&#8230;<\/p>\n","protected":false},"author":1,"featured_media":90889,"comment_status":"open","ping_status":"open","sticky":false,"template":"","format":"standard","meta":{"_crdt_document":"","footnotes":""},"categories":[1],"tags":[],"class_list":["post-90888","post","type-post","status-publish","format-standard","has-post-thumbnail","hentry","category-guncel"],"_links":{"self":[{"href":"https:\/\/www.egemtv.com\/index.php?rest_route=\/wp\/v2\/posts\/90888","targetHints":{"allow":["GET"]}}],"collection":[{"href":"https:\/\/www.egemtv.com\/index.php?rest_route=\/wp\/v2\/posts"}],"about":[{"href":"https:\/\/www.egemtv.com\/index.php?rest_route=\/wp\/v2\/types\/post"}],"author":[{"embeddable":true,"href":"https:\/\/www.egemtv.com\/index.php?rest_route=\/wp\/v2\/users\/1"}],"replies":[{"embeddable":true,"href":"https:\/\/www.egemtv.com\/index.php?rest_route=%2Fwp%2Fv2%2Fcomments&post=90888"}],"version-history":[{"count":1,"href":"https:\/\/www.egemtv.com\/index.php?rest_route=\/wp\/v2\/posts\/90888\/revisions"}],"predecessor-version":[{"id":90890,"href":"https:\/\/www.egemtv.com\/index.php?rest_route=\/wp\/v2\/posts\/90888\/revisions\/90890"}],"wp:featuredmedia":[{"embeddable":true,"href":"https:\/\/www.egemtv.com\/index.php?rest_route=\/wp\/v2\/media\/90889"}],"wp:attachment":[{"href":"https:\/\/www.egemtv.com\/index.php?rest_route=%2Fwp%2Fv2%2Fmedia&parent=90888"}],"wp:term":[{"taxonomy":"category","embeddable":true,"href":"https:\/\/www.egemtv.com\/index.php?rest_route=%2Fwp%2Fv2%2Fcategories&post=90888"},{"taxonomy":"post_tag","embeddable":true,"href":"https:\/\/www.egemtv.com\/index.php?rest_route=%2Fwp%2Fv2%2Ftags&post=90888"}],"curies":[{"name":"wp","href":"https:\/\/api.w.org\/{rel}","templated":true}]}}