{"id":90885,"date":"2026-02-27T15:34:58","date_gmt":"2026-02-27T12:34:58","guid":{"rendered":"https:\/\/www.egemtv.com\/?p=90885"},"modified":"2026-02-27T15:35:00","modified_gmt":"2026-02-27T12:35:00","slug":"buyuksehir-ekipleri-kentin-dort-bir-yaninda-calismalarini-surduruyor","status":"publish","type":"post","link":"https:\/\/www.egemtv.com\/?p=90885","title":{"rendered":"B\u00fcy\u00fck\u015fehir ekipleri kentin d\u00f6rt bir yan\u0131nda \u00e7al\u0131\u015fmalar\u0131n\u0131 s\u00fcrd\u00fcr\u00fcyor"},"content":{"rendered":"<p>Ayd\u0131n genelinde saha \u00e7al\u0131\u015fmalar\u0131n\u0131 s\u00fcrd\u00fcren B\u00fcy\u00fck\u015fehir Belediyesi ekiplerinin, yol yap\u0131m, bak\u0131m, onar\u0131m ve d\u00fczenleme \u00e7al\u0131\u015fmalar\u0131yla \u015fehrin ula\u015f\u0131m altyap\u0131s\u0131 g\u00fc\u00e7leniyor.<\/p>\n<p>Ayd\u0131n B\u00fcy\u00fck\u015fehir Belediyesi Fen \u0130\u015fleri Dairesi Ba\u015fkanl\u0131\u011f\u0131, kent genelinde yol yap\u0131m, bak\u0131m, onar\u0131m ve d\u00fczenleme \u00e7al\u0131\u015fmalar\u0131n\u0131 s\u00fcrd\u00fcr\u00fcyor. Ekipler, Ayd\u0131n\u2019\u0131n d\u00f6rt bir yan\u0131nda e\u015f zamanl\u0131 olarak y\u00fcr\u00fct\u00fclen \u00e7al\u0131\u015fmalarla ula\u015f\u0131m altyap\u0131s\u0131n\u0131 g\u00fc\u00e7lendiriyor. \u00c7al\u0131\u015fmalar kapsam\u0131nda, Efeler il\u00e7esi \u00c7evre, Do\u011fu \u00c7evre, Bat\u0131 \u00c7evre ve Turgut \u00d6zal Bulvarlar\u0131nda, Tabakhane Deresi K\u00f6pr\u00fcs\u00fc\u2019nde, A1 kanal yolunda, Vak\u0131f ve Fidanl\u0131k Caddelerinde ve Ser\u00e7ek\u00f6y ile Kemer Mahallelerinde ve muhtelif noktalarda, Didim il\u00e7esi A\u015f\u0131k Caddesi\u2019nde, K\u00f6\u015fk il\u00e7esi G\u00f6kgiri\u015f, Yavuzk\u00f6y ve G\u00fcndo\u011fan Mahallelerinde, Yenipazar il\u00e7esi Direcik, Derek\u00f6y ve E\u011fridere Mahallelerinde, Nazilli il\u00e7esi 755. Sokak, 5 Eyl\u00fcl Caddesi, Demirciler, Kocakesik, Bay\u0131nd\u0131r ve A\u015fa\u011f\u0131 Yakac\u0131k Mahallelerinde ve muhtelif noktalarda, Germencik il\u00e7esi Turanlar, Me\u015feli, Ne\u015fetiye ve Bozk\u00f6y Mahallelerinde, \u0130ncirliova il\u00e7esi Acarlar, Sand\u0131kl\u0131 ve Arzular Mahallelerinde, Sultanhisar il\u00e7esi \u0130ncealan, Malga\u00e7emir ve At\u00e7a Mahallelerinde, Karacasu il\u00e7esinde muhtelif noktalarda, S\u00f6ke il\u00e7esi Sar\u0131kemer, Av\u015far, Yama\u00e7 ve Kemalpa\u015fa Mahallelerinde, \u00c7ine il\u00e7esi Cumhuriyet Caddesi ile Y\u00f6r\u00fckler ve Kabata\u015f Mahallelerinde, Karpuzlu il\u00e7esi Umcular ve Ulukonak Mahallelerinde, Ko\u00e7arl\u0131 il\u00e7esi \u00c7akmar Mahallesi\u2019nde, Bozdo\u011fan il\u00e7esi Ye\u015fil\u00e7am, Ziyaretli ve Karaba\u011flar Mahallelerinde, Kuyucak il\u00e7esi Ovac\u0131k, Kayran, Ta\u015foluk ve \u0130\u011fdecik Mahallelerinde, Ku\u015fadas\u0131 il\u00e7esi Davutlar ve Yaylak\u00f6y Mahallelerinde \u00e7al\u0131\u015fmalar e\u015f zamanl\u0131 olarak y\u00fcr\u00fct\u00fcl\u00fcyor. B\u00f6lgelerde yol y\u00fczeyleri yenilenirken, trafik g\u00fcvenli\u011finin art\u0131r\u0131lmas\u0131na y\u00f6nelik uygulamalar da ger\u00e7ekle\u015ftiriliyor.<\/p>\n<p>Ayd\u0131n B\u00fcy\u00fck\u015fehir Belediye Ba\u015fkan\u0131 \u00d6zlem \u00c7er\u00e7io\u011flu, kent genelinde \u00e7al\u0131\u015fmalar\u0131n devam edece\u011fini belirterek, &#8220;Ayd\u0131n\u0131m\u0131z\u0131n t\u00fcm il\u00e7elerinde e\u015f zamanl\u0131 \u00e7al\u0131\u015fmalar\u0131m\u0131z\u0131 s\u00fcrd\u00fcr\u00fcyoruz. Hizmetlerimizi vatanda\u015flar\u0131m\u0131zla bulu\u015fturmaya devam edece\u011fiz&#8221; ifadelerini kulland\u0131.<br \/><\/p>\n","protected":false},"excerpt":{"rendered":"<p>Ayd\u0131n genelinde saha \u00e7al\u0131\u015fmalar\u0131n\u0131 s\u00fcrd\u00fcren B\u00fcy\u00fck\u015fehir Belediyesi ekiplerinin, yol yap\u0131m, bak\u0131m, onar\u0131m ve d\u00fczenleme \u00e7al\u0131\u015fmalar\u0131yla \u015fehrin ula\u015f\u0131m altyap\u0131s\u0131 g\u00fc\u00e7leniyor. Ayd\u0131n B\u00fcy\u00fck\u015fehir Belediyesi Fen \u0130\u015fleri Dairesi Ba\u015fkanl\u0131\u011f\u0131, kent genelinde yol yap\u0131m, bak\u0131m, onar\u0131m ve d\u00fczenleme \u00e7al\u0131\u015fmalar\u0131n\u0131 s\u00fcrd\u00fcr\u00fcyor. Ekipler, Ayd\u0131n\u2019\u0131n d\u00f6rt bir yan\u0131nda e\u015f zamanl\u0131 olarak y\u00fcr\u00fct\u00fclen \u00e7al\u0131\u015fmalarla ula\u015f\u0131m altyap\u0131s\u0131n\u0131 g\u00fc\u00e7lendiriyor. \u00c7al\u0131\u015fmalar kapsam\u0131nda, Efeler il\u00e7esi \u00c7evre, Do\u011fu&#8230;<\/p>\n","protected":false},"author":1,"featured_media":90886,"comment_status":"open","ping_status":"open","sticky":false,"template":"","format":"standard","meta":{"_crdt_document":"","footnotes":""},"categories":[1],"tags":[],"class_list":["post-90885","post","type-post","status-publish","format-standard","has-post-thumbnail","hentry","category-guncel"],"_links":{"self":[{"href":"https:\/\/www.egemtv.com\/index.php?rest_route=\/wp\/v2\/posts\/90885","targetHints":{"allow":["GET"]}}],"collection":[{"href":"https:\/\/www.egemtv.com\/index.php?rest_route=\/wp\/v2\/posts"}],"about":[{"href":"https:\/\/www.egemtv.com\/index.php?rest_route=\/wp\/v2\/types\/post"}],"author":[{"embeddable":true,"href":"https:\/\/www.egemtv.com\/index.php?rest_route=\/wp\/v2\/users\/1"}],"replies":[{"embeddable":true,"href":"https:\/\/www.egemtv.com\/index.php?rest_route=%2Fwp%2Fv2%2Fcomments&post=90885"}],"version-history":[{"count":1,"href":"https:\/\/www.egemtv.com\/index.php?rest_route=\/wp\/v2\/posts\/90885\/revisions"}],"predecessor-version":[{"id":90887,"href":"https:\/\/www.egemtv.com\/index.php?rest_route=\/wp\/v2\/posts\/90885\/revisions\/90887"}],"wp:featuredmedia":[{"embeddable":true,"href":"https:\/\/www.egemtv.com\/index.php?rest_route=\/wp\/v2\/media\/90886"}],"wp:attachment":[{"href":"https:\/\/www.egemtv.com\/index.php?rest_route=%2Fwp%2Fv2%2Fmedia&parent=90885"}],"wp:term":[{"taxonomy":"category","embeddable":true,"href":"https:\/\/www.egemtv.com\/index.php?rest_route=%2Fwp%2Fv2%2Fcategories&post=90885"},{"taxonomy":"post_tag","embeddable":true,"href":"https:\/\/www.egemtv.com\/index.php?rest_route=%2Fwp%2Fv2%2Ftags&post=90885"}],"curies":[{"name":"wp","href":"https:\/\/api.w.org\/{rel}","templated":true}]}}