{"id":90882,"date":"2026-02-27T15:34:57","date_gmt":"2026-02-27T12:34:57","guid":{"rendered":"https:\/\/www.egemtv.com\/?p=90882"},"modified":"2026-02-27T15:34:58","modified_gmt":"2026-02-27T12:34:58","slug":"salihlide-yangin-panigi-park-halindeki-2-otomobil-yandi","status":"publish","type":"post","link":"https:\/\/www.egemtv.com\/?p=90882","title":{"rendered":"Salihli\u2019de yang\u0131n pani\u011fi: Park halindeki 2 otomobil yand\u0131"},"content":{"rendered":"<p>Manisa\u2019n\u0131n Salihli il\u00e7esinde park halindeki 2 otomobil \u00e7\u0131kan yang\u0131nda kullan\u0131lamaz hale geldi. Yang\u0131n, itfaiye ekiplerinin h\u0131zl\u0131 m\u00fcdahalesiyle kontrol alt\u0131na al\u0131nd\u0131.<br \/>\n<br \/>Yang\u0131n, Koca\u00e7e\u015fme Mahallesi Ac\u0131su Caddesi\u2019nde meydana geldi. Edinilen bilgilere g\u00f6re, park halinde bulunan Z.A.\u2019ya ait 45 SH 321 ve T.S.\u2019ye ait 19 AF 5544 plakal\u0131 otomobillerden birinde hen\u00fcz belirlenemeyen bir nedenle yang\u0131n \u00e7\u0131kt\u0131. K\u0131sa s\u00fcrede b\u00fcy\u00fcyen alevler, yan\u0131nda park halinde bulunan di\u011fer araca da s\u0131\u00e7rad\u0131. Vatanda\u015flar\u0131n ihbar\u0131 \u00fczerine olay yerine polis ekipleri ile Manisa B\u00fcy\u00fck\u015fehir Belediyesi \u0130tfaiye Dairesi Ba\u015fkanl\u0131\u011f\u0131\u2019na ba\u011fl\u0131 Salihli Amirli\u011fi ekipleri sevk edildi. Olay yerine k\u0131sa s\u00fcrede ula\u015fan itfaiye ekipleri, yang\u0131na m\u00fcdahale ederek alevleri kontrol alt\u0131na ald\u0131.<br \/>\n<br \/>Yang\u0131nda can kayb\u0131 ya da yaralanma ya\u015fanmazken, her iki otomobilde de b\u00fcy\u00fck \u00e7apta maddi hasar olu\u015ftu. Polis ekipleri yang\u0131n\u0131n \u00e7\u0131k\u0131\u015f nedenine ili\u015fkin inceleme ba\u015flatt\u0131.<br \/><\/p>\n","protected":false},"excerpt":{"rendered":"<p>Manisa\u2019n\u0131n Salihli il\u00e7esinde park halindeki 2 otomobil \u00e7\u0131kan yang\u0131nda kullan\u0131lamaz hale geldi. Yang\u0131n, itfaiye ekiplerinin h\u0131zl\u0131 m\u00fcdahalesiyle kontrol alt\u0131na al\u0131nd\u0131. Yang\u0131n, Koca\u00e7e\u015fme Mahallesi Ac\u0131su Caddesi\u2019nde meydana geldi. Edinilen bilgilere g\u00f6re, park halinde bulunan Z.A.\u2019ya ait 45 SH 321 ve T.S.\u2019ye ait 19 AF 5544 plakal\u0131 otomobillerden birinde hen\u00fcz belirlenemeyen bir nedenle yang\u0131n \u00e7\u0131kt\u0131. K\u0131sa s\u00fcrede&#8230;<\/p>\n","protected":false},"author":1,"featured_media":90883,"comment_status":"open","ping_status":"open","sticky":false,"template":"","format":"standard","meta":{"_crdt_document":"","footnotes":""},"categories":[5],"tags":[],"class_list":["post-90882","post","type-post","status-publish","format-standard","has-post-thumbnail","hentry","category-asayis"],"_links":{"self":[{"href":"https:\/\/www.egemtv.com\/index.php?rest_route=\/wp\/v2\/posts\/90882","targetHints":{"allow":["GET"]}}],"collection":[{"href":"https:\/\/www.egemtv.com\/index.php?rest_route=\/wp\/v2\/posts"}],"about":[{"href":"https:\/\/www.egemtv.com\/index.php?rest_route=\/wp\/v2\/types\/post"}],"author":[{"embeddable":true,"href":"https:\/\/www.egemtv.com\/index.php?rest_route=\/wp\/v2\/users\/1"}],"replies":[{"embeddable":true,"href":"https:\/\/www.egemtv.com\/index.php?rest_route=%2Fwp%2Fv2%2Fcomments&post=90882"}],"version-history":[{"count":1,"href":"https:\/\/www.egemtv.com\/index.php?rest_route=\/wp\/v2\/posts\/90882\/revisions"}],"predecessor-version":[{"id":90884,"href":"https:\/\/www.egemtv.com\/index.php?rest_route=\/wp\/v2\/posts\/90882\/revisions\/90884"}],"wp:featuredmedia":[{"embeddable":true,"href":"https:\/\/www.egemtv.com\/index.php?rest_route=\/wp\/v2\/media\/90883"}],"wp:attachment":[{"href":"https:\/\/www.egemtv.com\/index.php?rest_route=%2Fwp%2Fv2%2Fmedia&parent=90882"}],"wp:term":[{"taxonomy":"category","embeddable":true,"href":"https:\/\/www.egemtv.com\/index.php?rest_route=%2Fwp%2Fv2%2Fcategories&post=90882"},{"taxonomy":"post_tag","embeddable":true,"href":"https:\/\/www.egemtv.com\/index.php?rest_route=%2Fwp%2Fv2%2Ftags&post=90882"}],"curies":[{"name":"wp","href":"https:\/\/api.w.org\/{rel}","templated":true}]}}