{"id":90879,"date":"2026-02-27T15:14:46","date_gmt":"2026-02-27T12:14:46","guid":{"rendered":"https:\/\/www.egemtv.com\/?p=90879"},"modified":"2026-02-27T15:14:47","modified_gmt":"2026-02-27T12:14:47","slug":"koycegiz-golunde-sular-cekildi-temizlik-basladi","status":"publish","type":"post","link":"https:\/\/www.egemtv.com\/?p=90879","title":{"rendered":"K\u00f6yce\u011fiz g\u00f6l\u00fcnde sular \u00e7ekildi, temizlik ba\u015flad\u0131"},"content":{"rendered":"<p>Mu\u011fla B\u00fcy\u00fck\u015fehir Belediyesi, K\u00f6yce\u011fiz il\u00e7esinde yo\u011fun ya\u011f\u0131\u015flar nedeniyle ya\u015fanan g\u00f6l ta\u015fk\u0131n\u0131n\u0131n ard\u0131ndan temizlik \u00e7al\u0131\u015fmas\u0131 ba\u015flatt\u0131. Ta\u015fk\u0131n sonucu baz\u0131 ev ve i\u015f yerlerini su basarken, kordon boyu ile cadde ve sokaklarda su birikintileri, \u00e7amur ve yosun olu\u015ftu. 27 \u015eubat\u2019ta meydana gelen a\u015f\u0131r\u0131 ya\u011f\u0131\u015flar sonras\u0131 K\u00f6yce\u011fiz G\u00f6l\u00fc\u2019n\u00fcn su seviyesi y\u00fckseldi ve ta\u015fk\u0131n ya\u015fand\u0131. \u0130l\u00e7e merkezinde g\u00fcnl\u00fck ya\u015fam\u0131 etkileyen su bask\u0131n\u0131n\u0131n ard\u0131ndan belediye ekipleri sahada \u00e7al\u0131\u015fma ba\u015flatt\u0131.<br \/>\n<br \/>\u00c7al\u0131\u015fmalar kapsam\u0131nda kordon boyu, ana caddeler ve ara sokaklarda y\u0131kama ve temizlik i\u015flemleri yap\u0131larak biriken \u00e7amur, yosun ve \u00e7e\u015fitli at\u0131klar\u0131n temizlenmesine y\u00f6nelik \u00e7al\u0131\u015fmalar ger\u00e7ekle\u015ftirildi.<br \/>\n<br \/>K\u0131y\u0131 Ege Belediyeler Birli\u011fi ve Mu\u011fla B\u00fcy\u00fck\u015fehir Belediye Ba\u015fkan\u0131 Ahmet Aras ile K\u00f6yce\u011fiz Belediye Ba\u015fkan\u0131 Ali Erdo\u011fan da il\u00e7ede incelemelerde bulunarak y\u00fcr\u00fct\u00fclen \u00e7al\u0131\u015fmalar hakk\u0131nda bilgi ald\u0131 ve vatanda\u015flarla g\u00f6r\u00fc\u015ft\u00fc.<br \/>\n<br \/>Muhtar Yorulmaz: &#8220;Temizlik \u00e7al\u0131\u015fmalar\u0131 devam ediyor&#8221;<br \/>\n<br \/>G\u00fcrp\u0131nar Mahallesi Muhtar\u0131 Ramazan Yorulmaz \u015funlar\u0131 s\u00f6yledi: &#8220;K\u00f6yce\u011fiz\u2019de ya\u015fanan a\u015f\u0131r\u0131 ya\u011f\u0131\u015flar\u0131n ard\u0131ndan K\u00f6yce\u011fiz G\u00f6l\u00fc\u2019n\u00fcn ta\u015fmas\u0131 sonucu cadde ve sokaklarda, \u00f6zellikle kordon b\u00f6lgesinde su birikintileri olu\u015ftu. Felaketin hemen ard\u0131ndan Mu\u011fla B\u00fcy\u00fck\u015fehir Belediye Ba\u015fkan\u0131m\u0131z Say\u0131n Ahmet Aras ve K\u00f6yce\u011fiz Belediye Ba\u015fkan\u0131m\u0131z Say\u0131n Ali Erdo\u011fan ile birlikte b\u00f6lgede incelemelerde bulundu.<br \/>\n<br \/>Yap\u0131lan incelemeler neticesinde kordon ve caddelerde olu\u015fan \u00e7amur, yosun ve di\u011fer at\u0131klar\u0131n temizlenmesi i\u00e7in vatanda\u015flar\u0131m\u0131z\u0131n talepleri olmu\u015ftu. \u00c7al\u0131\u015fmalar ger\u00e7ekle\u015ftirildi&#8221;<br \/>\n<br \/>Ulucami Mahalle Muhtar\u0131 ve K\u00f6yce\u011fiz Muhtarlar Derne\u011fi Ba\u015fkan\u0131 Sad\u0131k Karaduman, &#8220;\u0130l\u00e7emizde ya\u015fanan bu su bask\u0131n\u0131n\u0131n ard\u0131ndan Mu\u011fla B\u00fcy\u00fck\u015fehir Belediyesi yan\u0131m\u0131zda oldu. Mu\u011fla B\u00fcy\u00fck\u015fehir Belediye Ba\u015fkan\u0131m\u0131z Ahmet Aras da il\u00e7emize gelerek yerinde incelemelerde bulundu. Vatanda\u015flar\u0131m\u0131z\u0131n ihtiya\u00e7lar\u0131n\u0131 sordu, zarar ve ziyanlar\u0131n giderilmesi i\u00e7in y\u00fcr\u00fct\u00fclen \u00e7al\u0131\u015fmalar\u0131 yerinde takip etti. \u015eu anda da B\u00fcy\u00fck\u015fehir Belediyesi ekipleri temizlik \u00e7al\u0131\u015fmalar\u0131na devam ediyor. \u0130l\u00e7emizde ta\u015fk\u0131ndan etkilenen alanlarda temizlik \u00e7al\u0131\u015fmalar\u0131 s\u00fcrd\u00fcr\u00fcl\u00fcyor&#8221;<br \/>\n<br \/>Ba\u015fkan Aras: &#8220;Temizlik \u00e7al\u0131\u015fmalar\u0131n\u0131 tamamlad\u0131k&#8221;<br \/>\n<br \/>K\u0131y\u0131 Ege Belediyeler Birli\u011fi ve Mu\u011fla B\u00fcy\u00fck\u015fehir Belediye Ba\u015fkan\u0131 Ahmet Aras, \u00e7al\u0131\u015fmalar\u0131n tamamlanmas\u0131na ili\u015fkin \u015fu de\u011ferlendirmede bulundu: &#8220;27 \u015eubat\u2019ta etkili olan yo\u011fun ya\u011f\u0131\u015flar\u0131n ard\u0131ndan K\u00f6yce\u011fiz G\u00f6l\u00fc\u2019nde ta\u015fk\u0131n meydana geldi. Baz\u0131 ev ve i\u015f yerlerimizin su alt\u0131nda kald\u0131\u011f\u0131n\u0131, kordon ve sokaklar\u0131m\u0131z\u0131n \u00e7amurla kapland\u0131\u011f\u0131n\u0131 g\u00f6rd\u00fck. \u0130lk andan itibaren ekiplerimizi sahaya y\u00f6nlendirdik. Vatanda\u015flar\u0131m\u0131z\u0131n g\u00fcnl\u00fck ya\u015fam\u0131n\u0131n bir an \u00f6nce normale d\u00f6nmesi i\u00e7in kordon boyu ba\u015fta olmak \u00fczere cadde ve ara sokaklarda yo\u011fun bir \u00e7al\u0131\u015fma y\u00fcr\u00fctt\u00fck. Olu\u015fan \u00e7amur, yosun ve birikintiler temizlendi, yollar yeniden kullan\u0131ma a\u00e7\u0131ld\u0131. Sahada hem\u015fehrilerimizle bir araya gelerek taleplerini dinledik. \u0130lgili t\u00fcm birimlerimiz koordineli \u015fekilde s\u00fcreci takip etti. Temizlik \u00e7al\u0131\u015fmalar\u0131n\u0131 tamamlad\u0131k. Bundan sonraki s\u00fcre\u00e7te de benzer durumlara kar\u015f\u0131 gerekli \u00f6nlemleri almaya ve vatanda\u015flar\u0131m\u0131z\u0131n yan\u0131nda olmaya devam edece\u011fiz&#8221; dedi.<br \/><\/p>\n","protected":false},"excerpt":{"rendered":"<p>Mu\u011fla B\u00fcy\u00fck\u015fehir Belediyesi, K\u00f6yce\u011fiz il\u00e7esinde yo\u011fun ya\u011f\u0131\u015flar nedeniyle ya\u015fanan g\u00f6l ta\u015fk\u0131n\u0131n\u0131n ard\u0131ndan temizlik \u00e7al\u0131\u015fmas\u0131 ba\u015flatt\u0131. Ta\u015fk\u0131n sonucu baz\u0131 ev ve i\u015f yerlerini su basarken, kordon boyu ile cadde ve sokaklarda su birikintileri, \u00e7amur ve yosun olu\u015ftu. 27 \u015eubat\u2019ta meydana gelen a\u015f\u0131r\u0131 ya\u011f\u0131\u015flar sonras\u0131 K\u00f6yce\u011fiz G\u00f6l\u00fc\u2019n\u00fcn su seviyesi y\u00fckseldi ve ta\u015fk\u0131n ya\u015fand\u0131. \u0130l\u00e7e merkezinde g\u00fcnl\u00fck ya\u015fam\u0131&#8230;<\/p>\n","protected":false},"author":1,"featured_media":90880,"comment_status":"open","ping_status":"open","sticky":false,"template":"","format":"standard","meta":{"_crdt_document":"","footnotes":""},"categories":[1],"tags":[],"class_list":["post-90879","post","type-post","status-publish","format-standard","has-post-thumbnail","hentry","category-guncel"],"_links":{"self":[{"href":"https:\/\/www.egemtv.com\/index.php?rest_route=\/wp\/v2\/posts\/90879","targetHints":{"allow":["GET"]}}],"collection":[{"href":"https:\/\/www.egemtv.com\/index.php?rest_route=\/wp\/v2\/posts"}],"about":[{"href":"https:\/\/www.egemtv.com\/index.php?rest_route=\/wp\/v2\/types\/post"}],"author":[{"embeddable":true,"href":"https:\/\/www.egemtv.com\/index.php?rest_route=\/wp\/v2\/users\/1"}],"replies":[{"embeddable":true,"href":"https:\/\/www.egemtv.com\/index.php?rest_route=%2Fwp%2Fv2%2Fcomments&post=90879"}],"version-history":[{"count":1,"href":"https:\/\/www.egemtv.com\/index.php?rest_route=\/wp\/v2\/posts\/90879\/revisions"}],"predecessor-version":[{"id":90881,"href":"https:\/\/www.egemtv.com\/index.php?rest_route=\/wp\/v2\/posts\/90879\/revisions\/90881"}],"wp:featuredmedia":[{"embeddable":true,"href":"https:\/\/www.egemtv.com\/index.php?rest_route=\/wp\/v2\/media\/90880"}],"wp:attachment":[{"href":"https:\/\/www.egemtv.com\/index.php?rest_route=%2Fwp%2Fv2%2Fmedia&parent=90879"}],"wp:term":[{"taxonomy":"category","embeddable":true,"href":"https:\/\/www.egemtv.com\/index.php?rest_route=%2Fwp%2Fv2%2Fcategories&post=90879"},{"taxonomy":"post_tag","embeddable":true,"href":"https:\/\/www.egemtv.com\/index.php?rest_route=%2Fwp%2Fv2%2Ftags&post=90879"}],"curies":[{"name":"wp","href":"https:\/\/api.w.org\/{rel}","templated":true}]}}