{"id":90876,"date":"2026-02-27T15:14:45","date_gmt":"2026-02-27T12:14:45","guid":{"rendered":"https:\/\/www.egemtv.com\/?p=90876"},"modified":"2026-02-27T15:14:46","modified_gmt":"2026-02-27T12:14:46","slug":"sporcularin-faydalandigi-salon-yeni-ekipmanlarla-donatildi","status":"publish","type":"post","link":"https:\/\/www.egemtv.com\/?p=90876","title":{"rendered":"Sporcular\u0131n faydaland\u0131\u011f\u0131 salon yeni ekipmanlarla donat\u0131ld\u0131"},"content":{"rendered":"<p>Sporcular\u0131n kulland\u0131\u011f\u0131 Merkezefendi \u00c7ok Ama\u00e7l\u0131 Spor Salonu i\u00e7indeki Fitness Salonu yap\u0131lan kapsaml\u0131 tadilat \u00e7al\u0131\u015fmalar\u0131yla geni\u015fletildi ve yeni ekipmanlarla donat\u0131larak yeniden hizmete a\u00e7\u0131ld\u0131.<\/p>\n<p>Denizli\u2019de spor tesislerinin bak\u0131m onar\u0131m ve yenileme \u00e7al\u0131\u015fmalar\u0131 aral\u0131ks\u0131z s\u00fcr\u00fcyor. Gen\u00e7lik ve Spor \u0130l M\u00fcd\u00fcrl\u00fc\u011f\u00fc\u2019ne ba\u011fl\u0131 hizmet veren Merkezefendi \u00c7ok Ama\u00e7l\u0131 Spor Kompleksi Fitness Salonu en son yenilenen tesisler aras\u0131na ad\u0131n\u0131 yazd\u0131rd\u0131.<\/p>\n<p>Fitness Salonu yakla\u015f\u0131k iki hafta gibi s\u00fcredir bak\u0131m onar\u0131ma al\u0131nm\u0131\u015ft\u0131. Salonun yan\u0131nda bulunan odalar yap\u0131lan tadilatla salona dahil edildi ve fitness salonu 125 m alana geni\u015fledi. Salon zemini so\u011fuk bask\u0131 kau\u00e7uk zeminle kapland\u0131. Yeni nesil fitness ekipmanlar\u0131, dayan\u0131kl\u0131l\u0131k ve kuvvet aletleri ile salon zenginle\u015ftirildi.<br \/>\n<br \/>Merkezefendi \u00c7ok Ama\u00e7l\u0131 Spor Salonunda basketbol, voleybol, karate, taekwondo, masa tenisi, cimnastik, judo, boks, bocce gibi bran\u015flarda \u00f6zel antrenman salonlar\u0131 bulunuyor. Farkl\u0131 bran\u015flarda spor yapan gen\u00e7ler; kondisyon \u00e7al\u0131\u015fmalar\u0131nda, \u00f6zel kuvvet antrenmanlar\u0131nda veya sakatl\u0131k d\u00f6n\u00fc\u015f\u00fc fizyoterapist \u00f6nerisiyle verilen programlarda fitness salonunu kullanabiliyor.<br \/><\/p>\n","protected":false},"excerpt":{"rendered":"<p>Sporcular\u0131n kulland\u0131\u011f\u0131 Merkezefendi \u00c7ok Ama\u00e7l\u0131 Spor Salonu i\u00e7indeki Fitness Salonu yap\u0131lan kapsaml\u0131 tadilat \u00e7al\u0131\u015fmalar\u0131yla geni\u015fletildi ve yeni ekipmanlarla donat\u0131larak yeniden hizmete a\u00e7\u0131ld\u0131. Denizli\u2019de spor tesislerinin bak\u0131m onar\u0131m ve yenileme \u00e7al\u0131\u015fmalar\u0131 aral\u0131ks\u0131z s\u00fcr\u00fcyor. Gen\u00e7lik ve Spor \u0130l M\u00fcd\u00fcrl\u00fc\u011f\u00fc\u2019ne ba\u011fl\u0131 hizmet veren Merkezefendi \u00c7ok Ama\u00e7l\u0131 Spor Kompleksi Fitness Salonu en son yenilenen tesisler aras\u0131na ad\u0131n\u0131 yazd\u0131rd\u0131. Fitness&#8230;<\/p>\n","protected":false},"author":1,"featured_media":90877,"comment_status":"open","ping_status":"open","sticky":false,"template":"","format":"standard","meta":{"_crdt_document":"","footnotes":""},"categories":[4],"tags":[],"class_list":["post-90876","post","type-post","status-publish","format-standard","has-post-thumbnail","hentry","category-spor"],"_links":{"self":[{"href":"https:\/\/www.egemtv.com\/index.php?rest_route=\/wp\/v2\/posts\/90876","targetHints":{"allow":["GET"]}}],"collection":[{"href":"https:\/\/www.egemtv.com\/index.php?rest_route=\/wp\/v2\/posts"}],"about":[{"href":"https:\/\/www.egemtv.com\/index.php?rest_route=\/wp\/v2\/types\/post"}],"author":[{"embeddable":true,"href":"https:\/\/www.egemtv.com\/index.php?rest_route=\/wp\/v2\/users\/1"}],"replies":[{"embeddable":true,"href":"https:\/\/www.egemtv.com\/index.php?rest_route=%2Fwp%2Fv2%2Fcomments&post=90876"}],"version-history":[{"count":1,"href":"https:\/\/www.egemtv.com\/index.php?rest_route=\/wp\/v2\/posts\/90876\/revisions"}],"predecessor-version":[{"id":90878,"href":"https:\/\/www.egemtv.com\/index.php?rest_route=\/wp\/v2\/posts\/90876\/revisions\/90878"}],"wp:featuredmedia":[{"embeddable":true,"href":"https:\/\/www.egemtv.com\/index.php?rest_route=\/wp\/v2\/media\/90877"}],"wp:attachment":[{"href":"https:\/\/www.egemtv.com\/index.php?rest_route=%2Fwp%2Fv2%2Fmedia&parent=90876"}],"wp:term":[{"taxonomy":"category","embeddable":true,"href":"https:\/\/www.egemtv.com\/index.php?rest_route=%2Fwp%2Fv2%2Fcategories&post=90876"},{"taxonomy":"post_tag","embeddable":true,"href":"https:\/\/www.egemtv.com\/index.php?rest_route=%2Fwp%2Fv2%2Ftags&post=90876"}],"curies":[{"name":"wp","href":"https:\/\/api.w.org\/{rel}","templated":true}]}}