{"id":90870,"date":"2026-02-27T14:55:56","date_gmt":"2026-02-27T11:55:56","guid":{"rendered":"https:\/\/www.egemtv.com\/?p=90870"},"modified":"2026-02-27T14:55:57","modified_gmt":"2026-02-27T11:55:57","slug":"salihlide-ogrencilere-siber-suc-ve-iban-dolandiriciligi-uyarisi","status":"publish","type":"post","link":"https:\/\/www.egemtv.com\/?p=90870","title":{"rendered":"Salihli\u2019de \u00f6\u011frencilere siber su\u00e7 ve IBAN doland\u0131r\u0131c\u0131l\u0131\u011f\u0131 uyar\u0131s\u0131"},"content":{"rendered":"<p>Manisa\u2019n\u0131n Salihli il\u00e7esinde \u00f6\u011frenciler, siber su\u00e7lar ve doland\u0131r\u0131c\u0131l\u0131k konusunda bilgilendirildi. Salihli Necip Faz\u0131l K\u0131sak\u00fcrek Sosyal Bilimler Lisesi\u2019nde d\u00fczenlenen seminerde, gen\u00e7lerin internet kullan\u0131m\u0131nda kar\u015f\u0131la\u015fabilecekleri tehlikeler ve doland\u0131r\u0131c\u0131l\u0131k y\u00f6ntemleri hakk\u0131nda \u00f6nemli uyar\u0131lar yap\u0131ld\u0131.<br \/>\n<br \/>Okul konferans salonunda ger\u00e7ekle\u015fen seminere Salihli Cumhuriyet Ba\u015fsavc\u0131s\u0131 Orhan Al, Cumhuriyet Ba\u015fsavc\u0131s\u0131 Sinan O\u011fur, \u0130l Emniyet M\u00fcd\u00fcrl\u00fc\u011f\u00fc Siber Su\u00e7larla M\u00fccadele Ba\u015fkomiseri Ahmet Boz, il\u00e7e Milli E\u011fitim M\u00fcd\u00fcr\u00fc Mahmut Yenen, okul idaresi, \u00f6\u011fretmenler ve \u00f6\u011frenciler kat\u0131ld\u0131.<br \/>\n<br \/>Manisa \u0130l Emniyet M\u00fcd\u00fcrl\u00fc\u011f\u00fc Siber Su\u00e7larla M\u00fccadele B\u00fcro Amirli\u011fi\u2019nden polis memurlar\u0131 G\u00fcl\u00e7in Bulut ve Kemal Bayrakl\u0131 taraf\u0131ndan verilen e\u011fitimde; IBAN doland\u0131r\u0131c\u0131l\u0131\u011f\u0131, sosyal medya doland\u0131r\u0131c\u0131l\u0131\u011f\u0131, siber zorbal\u0131k, kimlik h\u0131rs\u0131zl\u0131\u011f\u0131, yetkisiz eri\u015fim, internet ba\u011f\u0131ml\u0131l\u0131\u011f\u0131 ve yasa d\u0131\u015f\u0131 bahis konular\u0131 detayl\u0131 \u015fekilde ele al\u0131nd\u0131.<br \/>\n<br \/>Seminerde, gen\u00e7lerin interneti bilin\u00e7li kullanmas\u0131n\u0131n \u00f6nemi vurgulan\u0131rken, sosyal medya \u00fczerinden yap\u0131lan doland\u0131r\u0131c\u0131l\u0131k y\u00f6ntemlerine de \u00f6rnekler verildi. Yetkililer, \u00f6\u011frencilerin \u015f\u00fcpheli durumlarla kar\u015f\u0131la\u015ft\u0131klar\u0131nda mutlaka g\u00fcvenlik birimlerine ba\u015fvurmalar\u0131 gerekti\u011fini belirtti.<br \/><\/p>\n","protected":false},"excerpt":{"rendered":"<p>Manisa\u2019n\u0131n Salihli il\u00e7esinde \u00f6\u011frenciler, siber su\u00e7lar ve doland\u0131r\u0131c\u0131l\u0131k konusunda bilgilendirildi. Salihli Necip Faz\u0131l K\u0131sak\u00fcrek Sosyal Bilimler Lisesi\u2019nde d\u00fczenlenen seminerde, gen\u00e7lerin internet kullan\u0131m\u0131nda kar\u015f\u0131la\u015fabilecekleri tehlikeler ve doland\u0131r\u0131c\u0131l\u0131k y\u00f6ntemleri hakk\u0131nda \u00f6nemli uyar\u0131lar yap\u0131ld\u0131. Okul konferans salonunda ger\u00e7ekle\u015fen seminere Salihli Cumhuriyet Ba\u015fsavc\u0131s\u0131 Orhan Al, Cumhuriyet Ba\u015fsavc\u0131s\u0131 Sinan O\u011fur, \u0130l Emniyet M\u00fcd\u00fcrl\u00fc\u011f\u00fc Siber Su\u00e7larla M\u00fccadele Ba\u015fkomiseri Ahmet Boz, il\u00e7e&#8230;<\/p>\n","protected":false},"author":1,"featured_media":90871,"comment_status":"open","ping_status":"open","sticky":false,"template":"","format":"standard","meta":{"_crdt_document":"","footnotes":""},"categories":[5],"tags":[],"class_list":["post-90870","post","type-post","status-publish","format-standard","has-post-thumbnail","hentry","category-asayis"],"_links":{"self":[{"href":"https:\/\/www.egemtv.com\/index.php?rest_route=\/wp\/v2\/posts\/90870","targetHints":{"allow":["GET"]}}],"collection":[{"href":"https:\/\/www.egemtv.com\/index.php?rest_route=\/wp\/v2\/posts"}],"about":[{"href":"https:\/\/www.egemtv.com\/index.php?rest_route=\/wp\/v2\/types\/post"}],"author":[{"embeddable":true,"href":"https:\/\/www.egemtv.com\/index.php?rest_route=\/wp\/v2\/users\/1"}],"replies":[{"embeddable":true,"href":"https:\/\/www.egemtv.com\/index.php?rest_route=%2Fwp%2Fv2%2Fcomments&post=90870"}],"version-history":[{"count":1,"href":"https:\/\/www.egemtv.com\/index.php?rest_route=\/wp\/v2\/posts\/90870\/revisions"}],"predecessor-version":[{"id":90872,"href":"https:\/\/www.egemtv.com\/index.php?rest_route=\/wp\/v2\/posts\/90870\/revisions\/90872"}],"wp:featuredmedia":[{"embeddable":true,"href":"https:\/\/www.egemtv.com\/index.php?rest_route=\/wp\/v2\/media\/90871"}],"wp:attachment":[{"href":"https:\/\/www.egemtv.com\/index.php?rest_route=%2Fwp%2Fv2%2Fmedia&parent=90870"}],"wp:term":[{"taxonomy":"category","embeddable":true,"href":"https:\/\/www.egemtv.com\/index.php?rest_route=%2Fwp%2Fv2%2Fcategories&post=90870"},{"taxonomy":"post_tag","embeddable":true,"href":"https:\/\/www.egemtv.com\/index.php?rest_route=%2Fwp%2Fv2%2Ftags&post=90870"}],"curies":[{"name":"wp","href":"https:\/\/api.w.org\/{rel}","templated":true}]}}