{"id":90867,"date":"2026-02-27T14:55:55","date_gmt":"2026-02-27T11:55:55","guid":{"rendered":"https:\/\/www.egemtv.com\/?p=90867"},"modified":"2026-02-27T14:55:56","modified_gmt":"2026-02-27T11:55:56","slug":"baskan-simsekten-yangin-cikan-toki-santiyesinde-inceleme","status":"publish","type":"post","link":"https:\/\/www.egemtv.com\/?p=90867","title":{"rendered":"Ba\u015fkan \u015eim\u015fek\u2019ten yang\u0131n \u00e7\u0131kan TOK\u0130 \u015fantiyesinde inceleme"},"content":{"rendered":"<p>Hakan \u015eim\u015fek, Sancakl\u0131bozk\u00f6y Mahallesi\u2019nde bulunan TOK\u0130 \u015fantiyesinde \u00e7\u0131kan konteyner yang\u0131n\u0131n\u0131n ard\u0131ndan b\u00f6lgede incelemelerde bulunarak, i\u015f\u00e7ilere ge\u00e7mi\u015f olsun dileklerini iletti.<br \/>\n<br \/>Edinilen bilgiye g\u00f6re, Sancakl\u0131bozk\u00f6y Mahallesi TOK\u0130 \u015fantiyesinde i\u015f\u00e7ilerin kald\u0131\u011f\u0131 3 katl\u0131 konteyner binada elektrik kaynakl\u0131 yang\u0131n \u00e7\u0131kt\u0131. Yang\u0131n\u0131 fark eden \u00e7al\u0131\u015fanlar\u0131n ihbar\u0131 \u00fczerine olay yerine sevk edilen itfaiye ekipleri, alevlere k\u0131sa s\u00fcrede m\u00fcdahale ederek yang\u0131n\u0131 kontrol alt\u0131na ald\u0131. Olayda can kayb\u0131 ya da yaralanma ya\u015fanmad\u0131\u011f\u0131 \u00f6\u011frenildi.<br \/>\n<br \/>Yang\u0131n\u0131n ard\u0131ndan \u015fantiye alan\u0131na giden \u015eehzadeler Belediye Ba\u015fkan\u0131 Hakan \u015eim\u015fek, b\u00f6lgede inceleme yaparak yetkililerden bilgi ald\u0131. \u0130\u015f\u00e7ilerle de bir araya gelen Ba\u015fkan \u015eim\u015fek, ge\u00e7mi\u015f olsun dileklerini iletti.<br \/>\n<br \/>Ba\u015fkan \u015eim\u015fek yapt\u0131\u011f\u0131 a\u00e7\u0131klamada, &#8220;Ya\u015fanan olay sonras\u0131 h\u0131zl\u0131 m\u00fcdahale sayesinde daha b\u00fcy\u00fck bir tehlikenin \u00f6n\u00fcne ge\u00e7ildi. Emek\u00e7i karde\u015flerimizin sa\u011fl\u0131\u011f\u0131 ve g\u00fcvenli\u011fi her \u015feyden \u00f6nce geliyor. S\u00fcrecin takip\u00e7isi olaca\u011f\u0131z&#8221; ifadelerini kulland\u0131.<br \/>\n<br \/>Yang\u0131n\u0131n \u00e7\u0131k\u0131\u015f sebebine ili\u015fkin teknik incelemenin s\u00fcrd\u00fc\u011f\u00fc bildirildi.<br \/><\/p>\n","protected":false},"excerpt":{"rendered":"<p>Hakan \u015eim\u015fek, Sancakl\u0131bozk\u00f6y Mahallesi\u2019nde bulunan TOK\u0130 \u015fantiyesinde \u00e7\u0131kan konteyner yang\u0131n\u0131n\u0131n ard\u0131ndan b\u00f6lgede incelemelerde bulunarak, i\u015f\u00e7ilere ge\u00e7mi\u015f olsun dileklerini iletti. Edinilen bilgiye g\u00f6re, Sancakl\u0131bozk\u00f6y Mahallesi TOK\u0130 \u015fantiyesinde i\u015f\u00e7ilerin kald\u0131\u011f\u0131 3 katl\u0131 konteyner binada elektrik kaynakl\u0131 yang\u0131n \u00e7\u0131kt\u0131. Yang\u0131n\u0131 fark eden \u00e7al\u0131\u015fanlar\u0131n ihbar\u0131 \u00fczerine olay yerine sevk edilen itfaiye ekipleri, alevlere k\u0131sa s\u00fcrede m\u00fcdahale ederek yang\u0131n\u0131 kontrol&#8230;<\/p>\n","protected":false},"author":1,"featured_media":90868,"comment_status":"open","ping_status":"open","sticky":false,"template":"","format":"standard","meta":{"_crdt_document":"","footnotes":""},"categories":[5],"tags":[],"class_list":["post-90867","post","type-post","status-publish","format-standard","has-post-thumbnail","hentry","category-asayis"],"_links":{"self":[{"href":"https:\/\/www.egemtv.com\/index.php?rest_route=\/wp\/v2\/posts\/90867","targetHints":{"allow":["GET"]}}],"collection":[{"href":"https:\/\/www.egemtv.com\/index.php?rest_route=\/wp\/v2\/posts"}],"about":[{"href":"https:\/\/www.egemtv.com\/index.php?rest_route=\/wp\/v2\/types\/post"}],"author":[{"embeddable":true,"href":"https:\/\/www.egemtv.com\/index.php?rest_route=\/wp\/v2\/users\/1"}],"replies":[{"embeddable":true,"href":"https:\/\/www.egemtv.com\/index.php?rest_route=%2Fwp%2Fv2%2Fcomments&post=90867"}],"version-history":[{"count":1,"href":"https:\/\/www.egemtv.com\/index.php?rest_route=\/wp\/v2\/posts\/90867\/revisions"}],"predecessor-version":[{"id":90869,"href":"https:\/\/www.egemtv.com\/index.php?rest_route=\/wp\/v2\/posts\/90867\/revisions\/90869"}],"wp:featuredmedia":[{"embeddable":true,"href":"https:\/\/www.egemtv.com\/index.php?rest_route=\/wp\/v2\/media\/90868"}],"wp:attachment":[{"href":"https:\/\/www.egemtv.com\/index.php?rest_route=%2Fwp%2Fv2%2Fmedia&parent=90867"}],"wp:term":[{"taxonomy":"category","embeddable":true,"href":"https:\/\/www.egemtv.com\/index.php?rest_route=%2Fwp%2Fv2%2Fcategories&post=90867"},{"taxonomy":"post_tag","embeddable":true,"href":"https:\/\/www.egemtv.com\/index.php?rest_route=%2Fwp%2Fv2%2Ftags&post=90867"}],"curies":[{"name":"wp","href":"https:\/\/api.w.org\/{rel}","templated":true}]}}