{"id":90864,"date":"2026-02-27T14:55:54","date_gmt":"2026-02-27T11:55:54","guid":{"rendered":"https:\/\/www.egemtv.com\/?p=90864"},"modified":"2026-02-27T14:55:55","modified_gmt":"2026-02-27T11:55:55","slug":"bucada-is-yerinde-yangin","status":"publish","type":"post","link":"https:\/\/www.egemtv.com\/?p=90864","title":{"rendered":"Buca\u2019da i\u015f yerinde yang\u0131n"},"content":{"rendered":"<p>\u0130zmir\u2019in Buca il\u00e7esinde yo\u011furt \u00fcretimi yap\u0131lan i\u015f yerinde \u00e7\u0131kan yang\u0131n, itfaiye ekiplerinin yo\u011fun m\u00fcdahalesiyle \u00e7evredeki binalara s\u0131\u00e7ramadan kontrol alt\u0131na al\u0131nd\u0131.<br \/>\n<br \/>\u0130zmir\u2019in Buca il\u00e7esi G\u00f6ksu Mahallesi\u2019nde yo\u011furt \u00fcretimi yap\u0131lan tek katl\u0131 bir i\u015f yerinde saat 11.10 s\u0131ralar\u0131nda yang\u0131n \u00e7\u0131kt\u0131. \u00dcretim alan\u0131ndan y\u00fckselen yo\u011fun duman\u0131 g\u00f6ren \u00e7evre sakinleri durumu 112 Acil \u00c7a\u011fr\u0131 Merkezi\u2019ne bildirdi. Yang\u0131n mahallede k\u0131sa s\u00fcreli pani\u011fe yol a\u00e7t\u0131. \u0130hbar \u00fczerine \u0130zmir B\u00fcy\u00fck\u015fehir Belediyesi \u0130tfaiye Dairesi Ba\u015fkanl\u0131\u011f\u0131 ekipleri 6 ara\u00e7 ve \u00e7ok say\u0131da personelle olay yerine sevk edildi. Alevlere h\u0131zla m\u00fcdahale eden ekipler, yang\u0131n\u0131n b\u00fcy\u00fcmesini ve \u00e7evredeki binalara s\u0131\u00e7ramas\u0131n\u0131 \u00f6nlemek i\u00e7in yo\u011fun bir \u00e7al\u0131\u015fma y\u00fcr\u00fctt\u00fc. Daha etkin m\u00fcdahale sa\u011flamak amac\u0131yla i\u015f yerinin baz\u0131 b\u00f6l\u00fcmleri \u00f6zel ekipmanlarla kontroll\u00fc \u015fekilde kesilerek yang\u0131n noktalar\u0131na do\u011frudan m\u00fcdahale imk\u00e2n\u0131 olu\u015fturuldu. Yakla\u015f\u0131k 30 dakika s\u00fcren m\u00fcdahalenin ard\u0131ndan yang\u0131n, \u00e7evredeki yap\u0131lara s\u0131\u00e7ramadan kontrol alt\u0131na al\u0131nd\u0131. Olayda can kayb\u0131 ya da yaralanma meydana gelmedi.<br \/><\/p>\n","protected":false},"excerpt":{"rendered":"<p>\u0130zmir\u2019in Buca il\u00e7esinde yo\u011furt \u00fcretimi yap\u0131lan i\u015f yerinde \u00e7\u0131kan yang\u0131n, itfaiye ekiplerinin yo\u011fun m\u00fcdahalesiyle \u00e7evredeki binalara s\u0131\u00e7ramadan kontrol alt\u0131na al\u0131nd\u0131. \u0130zmir\u2019in Buca il\u00e7esi G\u00f6ksu Mahallesi\u2019nde yo\u011furt \u00fcretimi yap\u0131lan tek katl\u0131 bir i\u015f yerinde saat 11.10 s\u0131ralar\u0131nda yang\u0131n \u00e7\u0131kt\u0131. \u00dcretim alan\u0131ndan y\u00fckselen yo\u011fun duman\u0131 g\u00f6ren \u00e7evre sakinleri durumu 112 Acil \u00c7a\u011fr\u0131 Merkezi\u2019ne bildirdi. Yang\u0131n mahallede k\u0131sa&#8230;<\/p>\n","protected":false},"author":1,"featured_media":90865,"comment_status":"open","ping_status":"open","sticky":false,"template":"","format":"standard","meta":{"_crdt_document":"","footnotes":""},"categories":[5],"tags":[],"class_list":["post-90864","post","type-post","status-publish","format-standard","has-post-thumbnail","hentry","category-asayis"],"_links":{"self":[{"href":"https:\/\/www.egemtv.com\/index.php?rest_route=\/wp\/v2\/posts\/90864","targetHints":{"allow":["GET"]}}],"collection":[{"href":"https:\/\/www.egemtv.com\/index.php?rest_route=\/wp\/v2\/posts"}],"about":[{"href":"https:\/\/www.egemtv.com\/index.php?rest_route=\/wp\/v2\/types\/post"}],"author":[{"embeddable":true,"href":"https:\/\/www.egemtv.com\/index.php?rest_route=\/wp\/v2\/users\/1"}],"replies":[{"embeddable":true,"href":"https:\/\/www.egemtv.com\/index.php?rest_route=%2Fwp%2Fv2%2Fcomments&post=90864"}],"version-history":[{"count":1,"href":"https:\/\/www.egemtv.com\/index.php?rest_route=\/wp\/v2\/posts\/90864\/revisions"}],"predecessor-version":[{"id":90866,"href":"https:\/\/www.egemtv.com\/index.php?rest_route=\/wp\/v2\/posts\/90864\/revisions\/90866"}],"wp:featuredmedia":[{"embeddable":true,"href":"https:\/\/www.egemtv.com\/index.php?rest_route=\/wp\/v2\/media\/90865"}],"wp:attachment":[{"href":"https:\/\/www.egemtv.com\/index.php?rest_route=%2Fwp%2Fv2%2Fmedia&parent=90864"}],"wp:term":[{"taxonomy":"category","embeddable":true,"href":"https:\/\/www.egemtv.com\/index.php?rest_route=%2Fwp%2Fv2%2Fcategories&post=90864"},{"taxonomy":"post_tag","embeddable":true,"href":"https:\/\/www.egemtv.com\/index.php?rest_route=%2Fwp%2Fv2%2Ftags&post=90864"}],"curies":[{"name":"wp","href":"https:\/\/api.w.org\/{rel}","templated":true}]}}