{"id":90861,"date":"2026-02-27T14:55:52","date_gmt":"2026-02-27T11:55:52","guid":{"rendered":"https:\/\/www.egemtv.com\/?p=90861"},"modified":"2026-02-27T14:55:54","modified_gmt":"2026-02-27T11:55:54","slug":"avrupa-sampiyonu-mert-sismanlar-yunusemre-belediyesporda","status":"publish","type":"post","link":"https:\/\/www.egemtv.com\/?p=90861","title":{"rendered":"Avrupa \u015eampiyonu Mert \u015ei\u015fmanlar Yunusemre Belediyespor\u2019da"},"content":{"rendered":"<p>Yunusemre Belediyespor, Avrupa \u015fampiyonu ve d\u00fcnya \u00fc\u00e7\u00fcnc\u00fcs\u00fc Manisal\u0131 milli judocu Mert \u015ei\u015fmanlar\u2019\u0131 kadrosuna katt\u0131. Belediye Ba\u015fkan\u0131 Semih Balaban, transferin T\u00fcrk sporuna hay\u0131rl\u0131 olmas\u0131n\u0131 diledi.<br \/>\n<br \/>Judoya yapt\u0131\u011f\u0131 yat\u0131r\u0131mlarla dikkat \u00e7eken Yunusemre Belediyespor, Avrupa ve d\u00fcnya dereceleri bulunan milli sporcu Mert \u015ei\u015fmanlar ile s\u00f6zle\u015fme imzalad\u0131. Transferin ard\u0131ndan ba\u015far\u0131l\u0131 sporcu, Yunusemre Belediye Ba\u015fkan\u0131 Semih Balaban\u2019\u0131 makam\u0131nda ziyaret etti. Ziyarete Kul\u00fcp Ba\u015fkan\u0131 B\u00fclent Kanik ile antren\u00f6rler \u0130smail Can\u0131tez ve Harun \u0130zgi de kat\u0131ld\u0131.<br \/>\n<br \/>Ba\u015fkan Balaban, ziyarette yapt\u0131\u011f\u0131 a\u00e7\u0131klamada Manisal\u0131 bir sporcunun yeniden \u015fehrinin tak\u0131m\u0131nda m\u00fccadele edecek olmas\u0131n\u0131n gurur verici oldu\u011funu belirterek, &#8220;Avrupa \u015fampiyonu ve d\u00fcnya derecesi bulunan bir milli judocunun \u015fehrimizin formas\u0131n\u0131 giyecek olmas\u0131 bizler i\u00e7in b\u00fcy\u00fck bir mutluluk. Bu transferin T\u00fcrk judosuna hay\u0131rl\u0131 olmas\u0131n\u0131 diliyorum. Spora ve sporcuya deste\u011fimiz artarak devam edecek&#8221; dedi.<br \/>\n<br \/>Kul\u00fcp Ba\u015fkan\u0131 B\u00fclent Kanik ise hem erkeklerde hem de kad\u0131nlarda S\u00fcper Lig\u2019de m\u00fccadele eden iddial\u0131 bir kul\u00fcp olduklar\u0131n\u0131 ifade ederek, &#8220;Mert gibi uluslararas\u0131 ba\u015far\u0131lar\u0131 olan bir sporcunun aram\u0131za kat\u0131lmas\u0131 hedeflerimizi daha da b\u00fcy\u00fctt\u00fc. Kendisi sadece ba\u015far\u0131lar\u0131yla de\u011fil, karakteriyle de \u00f6rnek bir sporcu. Bu birliktelikten \u00f6nemli ba\u015far\u0131lar \u00e7\u0131kaca\u011f\u0131na inan\u0131yoruz&#8221; diye konu\u015ftu.<br \/>\n<br \/>Milli judocu Mert \u015ei\u015fmanlar da Manisa\u2019ya d\u00f6nmenin kendisi i\u00e7in ayr\u0131 bir anlam ta\u015f\u0131d\u0131\u011f\u0131n\u0131 belirterek, &#8220;Bu topraklarda yeti\u015ftim. Manisa\u2019ya bir vefa borcum vard\u0131. Yunusemre Belediyespor \u00e7at\u0131s\u0131 alt\u0131nda hem kul\u00fcb\u00fcm\u00fcz hem de \u00fclkemiz ad\u0131na \u00f6nemli dereceler kazanmak istiyorum&#8221; ifadelerini kulland\u0131.<br \/>\n<br \/>Antren\u00f6r \u0130smail Can\u0131tez ise transferin kul\u00fcbe b\u00fcy\u00fck katk\u0131 sa\u011flayaca\u011f\u0131n\u0131 belirterek, &#8220;Mert\u2019in \u00fcst d\u00fczey tecr\u00fcbesi tak\u0131m\u0131m\u0131za g\u00fc\u00e7 katacak. Gen\u00e7 sporcular\u0131m\u0131z i\u00e7in de \u00f6nemli bir rol model olacak&#8221; dedi.<br \/>\n<br \/>\u00d6te yandan milli sporcu Mert \u015ei\u015fmanlar\u2019\u0131n kariyerinde \u00f6nemli ba\u015far\u0131lar bulunuyor. Be\u015f T\u00fcrkiye \u015fampiyonlu\u011fu bulunan \u015ei\u015fmanlar, 2017 y\u0131l\u0131nda Litvanya\u2019da d\u00fczenlenen \u00dcmitler Avrupa \u015eampiyonas\u0131\u2019nda alt\u0131n madalya, 2018 y\u0131l\u0131nda Bahama Adalar\u0131\u2019nda ger\u00e7ekle\u015ftirilen Gen\u00e7ler D\u00fcnya Judo \u015eampiyonas\u0131\u2019nda ise bronz madalya kazand\u0131. Ba\u015far\u0131l\u0131 sporcunun ayr\u0131ca \u00e7ok say\u0131da uluslararas\u0131 turnuvada derecesi bulunuyor.<br \/><\/p>\n","protected":false},"excerpt":{"rendered":"<p>Yunusemre Belediyespor, Avrupa \u015fampiyonu ve d\u00fcnya \u00fc\u00e7\u00fcnc\u00fcs\u00fc Manisal\u0131 milli judocu Mert \u015ei\u015fmanlar\u2019\u0131 kadrosuna katt\u0131. Belediye Ba\u015fkan\u0131 Semih Balaban, transferin T\u00fcrk sporuna hay\u0131rl\u0131 olmas\u0131n\u0131 diledi. Judoya yapt\u0131\u011f\u0131 yat\u0131r\u0131mlarla dikkat \u00e7eken Yunusemre Belediyespor, Avrupa ve d\u00fcnya dereceleri bulunan milli sporcu Mert \u015ei\u015fmanlar ile s\u00f6zle\u015fme imzalad\u0131. Transferin ard\u0131ndan ba\u015far\u0131l\u0131 sporcu, Yunusemre Belediye Ba\u015fkan\u0131 Semih Balaban\u2019\u0131 makam\u0131nda ziyaret etti&#8230;.<\/p>\n","protected":false},"author":1,"featured_media":90862,"comment_status":"open","ping_status":"open","sticky":false,"template":"","format":"standard","meta":{"_crdt_document":"","footnotes":""},"categories":[4],"tags":[],"class_list":["post-90861","post","type-post","status-publish","format-standard","has-post-thumbnail","hentry","category-spor"],"_links":{"self":[{"href":"https:\/\/www.egemtv.com\/index.php?rest_route=\/wp\/v2\/posts\/90861","targetHints":{"allow":["GET"]}}],"collection":[{"href":"https:\/\/www.egemtv.com\/index.php?rest_route=\/wp\/v2\/posts"}],"about":[{"href":"https:\/\/www.egemtv.com\/index.php?rest_route=\/wp\/v2\/types\/post"}],"author":[{"embeddable":true,"href":"https:\/\/www.egemtv.com\/index.php?rest_route=\/wp\/v2\/users\/1"}],"replies":[{"embeddable":true,"href":"https:\/\/www.egemtv.com\/index.php?rest_route=%2Fwp%2Fv2%2Fcomments&post=90861"}],"version-history":[{"count":1,"href":"https:\/\/www.egemtv.com\/index.php?rest_route=\/wp\/v2\/posts\/90861\/revisions"}],"predecessor-version":[{"id":90863,"href":"https:\/\/www.egemtv.com\/index.php?rest_route=\/wp\/v2\/posts\/90861\/revisions\/90863"}],"wp:featuredmedia":[{"embeddable":true,"href":"https:\/\/www.egemtv.com\/index.php?rest_route=\/wp\/v2\/media\/90862"}],"wp:attachment":[{"href":"https:\/\/www.egemtv.com\/index.php?rest_route=%2Fwp%2Fv2%2Fmedia&parent=90861"}],"wp:term":[{"taxonomy":"category","embeddable":true,"href":"https:\/\/www.egemtv.com\/index.php?rest_route=%2Fwp%2Fv2%2Fcategories&post=90861"},{"taxonomy":"post_tag","embeddable":true,"href":"https:\/\/www.egemtv.com\/index.php?rest_route=%2Fwp%2Fv2%2Ftags&post=90861"}],"curies":[{"name":"wp","href":"https:\/\/api.w.org\/{rel}","templated":true}]}}