{"id":90858,"date":"2026-02-27T14:14:45","date_gmt":"2026-02-27T11:14:45","guid":{"rendered":"https:\/\/www.egemtv.com\/?p=90858"},"modified":"2026-02-27T14:14:46","modified_gmt":"2026-02-27T11:14:46","slug":"ayni-yerde-15-dakika-ara-ile-kaza-oldu-vatandaslar-duruma-tepki-gosterdi","status":"publish","type":"post","link":"https:\/\/www.egemtv.com\/?p=90858","title":{"rendered":"Ayn\u0131 yerde 15 dakika ara ile kaza oldu, vatanda\u015flar duruma tepki g\u00f6sterdi"},"content":{"rendered":"<p>Ayd\u0131n\u2019\u0131n Efeler il\u00e7esinde ayn\u0131 yerde 15 dakika ile ya\u015fanan trafik kazalar\u0131n\u0131n ard\u0131ndan vatanda\u015flar duruma tepki g\u00f6stererek yetkililerin \u00f6nlem almas\u0131n\u0131 istedi.<\/p>\n<p>Kaza, Hasan Efendi Mahallesi Gen\u00e7lik Caddesi ile 1906 sokak kesi\u015fiminde saat 12.30 s\u0131ralar\u0131nda meydana geldi. Edinilen bilgiye g\u00f6re, 1906 sokaktan \u00e7\u0131kan otomobil ile Gen\u00e7lik Caddesi \u00fczerinde ilerleyen motosiklet \u00e7arp\u0131\u015ft\u0131. \u00c7arp\u0131\u015fman\u0131n etkisi ile savrulan motosikletten d\u00fc\u015fen s\u00fcr\u00fcc\u00fcs\u00fc yaraland\u0131. Kazay\u0131 g\u00f6renler durumu 112 Acil \u00c7a\u011fr\u0131 Merkezi\u2019ne bildirdi. \u0130hbar \u00fczerine b\u00f6lgeye gelen sa\u011fl\u0131k ekipleri yaral\u0131 motosiklet s\u00fcr\u00fcc\u00fcs\u00fcne ilk m\u00fcdahaleyi yaparak ambulansla hastaneye kald\u0131rd\u0131. Hastanede tedavi alt\u0131na al\u0131nan yaral\u0131n\u0131n sa\u011fl\u0131k durumunun iyi oldu\u011fu \u00f6\u011frenildi.<\/p>\n<p>&#8220;Burada s\u0131k\u00e7a kaza oluyor&#8221;<br \/>\n<br \/>Mahalle esnaflar\u0131 ayn\u0131 b\u00f6lgede s\u0131k\u00e7a kazalar\u0131n ya\u015fand\u0131\u011f\u0131n\u0131 ve yetkililerden herhangi bir a\u011f\u0131r yaralanma yada \u00f6l\u00fcm olmadan \u00f6nlem almalar\u0131n\u0131 istedi. Ayn\u0131 yerde 15 dakika ara ile 2 kez kaza oldu\u011funu belirten esnaflar, &#8220;K\u00f6\u015fe ba\u015flar\u0131na yap\u0131lan parklar nedeniyle 1906 sokaktan gelen ara\u00e7lar Gen\u00e7lik Caddesi \u00fczerinden gelen ara\u00e7lar\u0131 g\u00f6rmekte zorlan\u0131yorlar. Burada g\u00fcnl\u00fck olmasa bile haftada 2 g\u00fcn mutlaka kaza oluyor. Bu kazadan 15 dakika \u00f6nce de bir kaza ya\u015fand\u0131. \u00d6nce ya\u015fanan kazada motosiklet ile ara\u00e7 kazas\u0131yd\u0131 bu da ayn\u0131 \u015fekilde. Bir \u00f6nceki kazada vuran ki\u015fiyi kazazedeyi kendi hastaneye g\u00f6t\u00fcrd\u00fc, \u015fimdi de ambulansla g\u00f6t\u00fcrd\u00fcler. Burada okul da oldu\u011fu i\u00e7in trafik \u00e7ok s\u0131k\u0131\u015f\u0131yor. Kav\u015fak i\u00e7erisinde de parklanmalar oluyor. Buraya bir ayna yada dubalama yap\u0131larak k\u00f6\u015fe ba\u015flar\u0131na ara\u00e7 park\u0131n\u0131n engellenmesini talep ediyoruz&#8221; ifadelerini kulland\u0131.<br \/><\/p>\n","protected":false},"excerpt":{"rendered":"<p>Ayd\u0131n\u2019\u0131n Efeler il\u00e7esinde ayn\u0131 yerde 15 dakika ile ya\u015fanan trafik kazalar\u0131n\u0131n ard\u0131ndan vatanda\u015flar duruma tepki g\u00f6stererek yetkililerin \u00f6nlem almas\u0131n\u0131 istedi. Kaza, Hasan Efendi Mahallesi Gen\u00e7lik Caddesi ile 1906 sokak kesi\u015fiminde saat 12.30 s\u0131ralar\u0131nda meydana geldi. Edinilen bilgiye g\u00f6re, 1906 sokaktan \u00e7\u0131kan otomobil ile Gen\u00e7lik Caddesi \u00fczerinde ilerleyen motosiklet \u00e7arp\u0131\u015ft\u0131. \u00c7arp\u0131\u015fman\u0131n etkisi ile savrulan motosikletten d\u00fc\u015fen&#8230;<\/p>\n","protected":false},"author":1,"featured_media":90859,"comment_status":"open","ping_status":"open","sticky":false,"template":"","format":"standard","meta":{"_crdt_document":"","footnotes":""},"categories":[5],"tags":[],"class_list":["post-90858","post","type-post","status-publish","format-standard","has-post-thumbnail","hentry","category-asayis"],"_links":{"self":[{"href":"https:\/\/www.egemtv.com\/index.php?rest_route=\/wp\/v2\/posts\/90858","targetHints":{"allow":["GET"]}}],"collection":[{"href":"https:\/\/www.egemtv.com\/index.php?rest_route=\/wp\/v2\/posts"}],"about":[{"href":"https:\/\/www.egemtv.com\/index.php?rest_route=\/wp\/v2\/types\/post"}],"author":[{"embeddable":true,"href":"https:\/\/www.egemtv.com\/index.php?rest_route=\/wp\/v2\/users\/1"}],"replies":[{"embeddable":true,"href":"https:\/\/www.egemtv.com\/index.php?rest_route=%2Fwp%2Fv2%2Fcomments&post=90858"}],"version-history":[{"count":1,"href":"https:\/\/www.egemtv.com\/index.php?rest_route=\/wp\/v2\/posts\/90858\/revisions"}],"predecessor-version":[{"id":90860,"href":"https:\/\/www.egemtv.com\/index.php?rest_route=\/wp\/v2\/posts\/90858\/revisions\/90860"}],"wp:featuredmedia":[{"embeddable":true,"href":"https:\/\/www.egemtv.com\/index.php?rest_route=\/wp\/v2\/media\/90859"}],"wp:attachment":[{"href":"https:\/\/www.egemtv.com\/index.php?rest_route=%2Fwp%2Fv2%2Fmedia&parent=90858"}],"wp:term":[{"taxonomy":"category","embeddable":true,"href":"https:\/\/www.egemtv.com\/index.php?rest_route=%2Fwp%2Fv2%2Fcategories&post=90858"},{"taxonomy":"post_tag","embeddable":true,"href":"https:\/\/www.egemtv.com\/index.php?rest_route=%2Fwp%2Fv2%2Ftags&post=90858"}],"curies":[{"name":"wp","href":"https:\/\/api.w.org\/{rel}","templated":true}]}}