{"id":90849,"date":"2026-02-27T13:55:13","date_gmt":"2026-02-27T10:55:13","guid":{"rendered":"https:\/\/www.egemtv.com\/?p=90849"},"modified":"2026-02-27T13:55:14","modified_gmt":"2026-02-27T10:55:14","slug":"izmirdeki-kumpir-zehirlenmesi-davasinda-sanigin-esine-de-hapis-istemi","status":"publish","type":"post","link":"https:\/\/www.egemtv.com\/?p=90849","title":{"rendered":"\u0130zmir\u2019deki kumpir zehirlenmesi davas\u0131nda san\u0131\u011f\u0131n e\u015fine de hapis istemi"},"content":{"rendered":"<p>\u0130zmir\u2019in Buca il\u00e7esinde yedi\u011fi kumpir sonras\u0131 hayat\u0131n\u0131 kaybeden Servet Polat\u2019\u0131n \u00f6l\u00fcm\u00fcne ili\u015fkin tutuklu yarg\u0131lanan i\u015fletme sahibinin kocas\u0131 hakk\u0131nda da 20 y\u0131la kadar hapis talebiyle dava a\u00e7\u0131ld\u0131. Mahkemenin su\u00e7 duyurusu \u00fczerine haz\u0131rlanan yeni iddianame ana davayla birle\u015ftirilmek \u00fczere ilgili mahkemeye g\u00f6nderildi.<br \/>\n<br \/>Bahar Zeyrek, annesi Servet Polat (60) ve o\u011flu G\u00f6khan Zeyrek (11), 28 Aral\u0131k 2024 tarihinde bir i\u015fletmede kumpir yedi. Ayn\u0131 g\u00fcn kusma ve ishal \u015fikayetiyle hastaneye giden aile tedavilerinin ard\u0131ndan evlerine d\u00f6nd\u00fc. Ertesi g\u00fcn \u015fikayetleri devam eden aile \u00fcyeleri tekrar acil servise ba\u015fvurdu ve tedavileri sonras\u0131 taburcu edildi. Olaydan iki g\u00fcn sonra evinde \u00f6l\u00fc bulunan Servet Polat\u2019\u0131n ailesi kumpirciden \u015fikayet\u00e7i oldu. \u0130\u015fletme sahibi N.D. g\u00f6zalt\u0131na al\u0131narak tutukland\u0131. Adli T\u0131p Kurumu \u00f6l\u00fcm\u00fc g\u0131da zehirlenmesi olarak raporlad\u0131. Tar\u0131m ve Orman Bakanl\u0131\u011f\u0131 \u0130zmir G\u0131da Kontrol Laboratuvar M\u00fcd\u00fcrl\u00fc\u011f\u00fc de kumpir numunesinde salmonella bakterisi tespit etti. Hakk\u0131nda 20 y\u0131la kadar hapis istenen san\u0131k N.D.\u2019nin yarg\u0131lanmas\u0131na \u0130zmir 17. A\u011f\u0131r Ceza Mahkemesi\u2019nde devam edildi.<\/p>\n<p>Kocas\u0131 da kumpir yapm\u0131\u015f<br \/>\n<br \/>San\u0131k N.D.\u2019nin kocas\u0131 C.D., 31 Temmuz 2025 tarihindeki duru\u015fmada tan\u0131k olarak dinlendi. C.D.\u2019nin i\u015f yerinde e\u015fiyle \u00e7al\u0131\u015ft\u0131\u011f\u0131n\u0131 ve kumpir yapt\u0131\u011f\u0131n\u0131 ifade etmesi \u00fczerine mahkeme heyeti su\u00e7 duyurusunda bulundu. \u0130zmir Cumhuriyet Ba\u015fsavc\u0131l\u0131\u011f\u0131 taraf\u0131ndan y\u00fcr\u00fct\u00fclen soru\u015fturma kapsam\u0131nda yeni bir iddianame haz\u0131rland\u0131. \u0130ddianamede, C.D.\u2019nin dikkat ve \u00f6zen y\u00fck\u00fcml\u00fcl\u00fc\u011f\u00fcne ayk\u0131r\u0131 davrand\u0131\u011f\u0131 belirtildi. C.D.\u2019nin i\u015fletmesindeki kumpirin t\u00fcketime uygun olmamas\u0131 sebebiyle Polat\u2019\u0131n \u00f6l\u00fcm\u00fcne, di\u011ferlerinin de zehirlenerek yaralanmas\u0131na yol a\u00e7t\u0131\u011f\u0131 kaydedildi.<\/p>\n<p>Ana davayla birle\u015ftirilecek<br \/>\n<br \/>\u0130ddianamede san\u0131k C.D. hakk\u0131nda \u2019taksirle \u00f6l\u00fcme ve yaralanmaya neden olma\u2019 su\u00e7undan 15 y\u0131la kadar, \u2019bozulmu\u015f veya de\u011fi\u015ftirilmi\u015f g\u0131da ticareti\u2019 su\u00e7undan da 5 y\u0131la kadar hapis cezas\u0131 istendi. \u0130zmir 4. A\u011f\u0131r Ceza Mahkemesi taraf\u0131ndan kabul edilen iddianame, birle\u015ftirilme talebiyle \u0130zmir 17. A\u011f\u0131r Ceza Mahkemesi\u2019ne g\u00f6nderildi. Davan\u0131n yarg\u0131lamas\u0131na 13 Mart\u2019ta devam edilecek.<br \/><\/p>\n","protected":false},"excerpt":{"rendered":"<p>\u0130zmir\u2019in Buca il\u00e7esinde yedi\u011fi kumpir sonras\u0131 hayat\u0131n\u0131 kaybeden Servet Polat\u2019\u0131n \u00f6l\u00fcm\u00fcne ili\u015fkin tutuklu yarg\u0131lanan i\u015fletme sahibinin kocas\u0131 hakk\u0131nda da 20 y\u0131la kadar hapis talebiyle dava a\u00e7\u0131ld\u0131. Mahkemenin su\u00e7 duyurusu \u00fczerine haz\u0131rlanan yeni iddianame ana davayla birle\u015ftirilmek \u00fczere ilgili mahkemeye g\u00f6nderildi. Bahar Zeyrek, annesi Servet Polat (60) ve o\u011flu G\u00f6khan Zeyrek (11), 28 Aral\u0131k 2024 tarihinde&#8230;<\/p>\n","protected":false},"author":1,"featured_media":90850,"comment_status":"open","ping_status":"open","sticky":false,"template":"","format":"standard","meta":{"_crdt_document":"","footnotes":""},"categories":[5],"tags":[],"class_list":["post-90849","post","type-post","status-publish","format-standard","has-post-thumbnail","hentry","category-asayis"],"_links":{"self":[{"href":"https:\/\/www.egemtv.com\/index.php?rest_route=\/wp\/v2\/posts\/90849","targetHints":{"allow":["GET"]}}],"collection":[{"href":"https:\/\/www.egemtv.com\/index.php?rest_route=\/wp\/v2\/posts"}],"about":[{"href":"https:\/\/www.egemtv.com\/index.php?rest_route=\/wp\/v2\/types\/post"}],"author":[{"embeddable":true,"href":"https:\/\/www.egemtv.com\/index.php?rest_route=\/wp\/v2\/users\/1"}],"replies":[{"embeddable":true,"href":"https:\/\/www.egemtv.com\/index.php?rest_route=%2Fwp%2Fv2%2Fcomments&post=90849"}],"version-history":[{"count":1,"href":"https:\/\/www.egemtv.com\/index.php?rest_route=\/wp\/v2\/posts\/90849\/revisions"}],"predecessor-version":[{"id":90851,"href":"https:\/\/www.egemtv.com\/index.php?rest_route=\/wp\/v2\/posts\/90849\/revisions\/90851"}],"wp:featuredmedia":[{"embeddable":true,"href":"https:\/\/www.egemtv.com\/index.php?rest_route=\/wp\/v2\/media\/90850"}],"wp:attachment":[{"href":"https:\/\/www.egemtv.com\/index.php?rest_route=%2Fwp%2Fv2%2Fmedia&parent=90849"}],"wp:term":[{"taxonomy":"category","embeddable":true,"href":"https:\/\/www.egemtv.com\/index.php?rest_route=%2Fwp%2Fv2%2Fcategories&post=90849"},{"taxonomy":"post_tag","embeddable":true,"href":"https:\/\/www.egemtv.com\/index.php?rest_route=%2Fwp%2Fv2%2Ftags&post=90849"}],"curies":[{"name":"wp","href":"https:\/\/api.w.org\/{rel}","templated":true}]}}