{"id":90846,"date":"2026-02-27T13:55:12","date_gmt":"2026-02-27T10:55:12","guid":{"rendered":"https:\/\/www.egemtv.com\/?p=90846"},"modified":"2026-02-27T13:55:13","modified_gmt":"2026-02-27T10:55:13","slug":"karsiyakada-400-bin-tl-alacaga-750-tl-gida-karti","status":"publish","type":"post","link":"https:\/\/www.egemtv.com\/?p=90846","title":{"rendered":"Kar\u015f\u0131yaka\u2019da 400 bin TL alaca\u011fa 750 TL g\u0131da kart\u0131"},"content":{"rendered":"<p>Kar\u015f\u0131yaka Belediyesi i\u015ftiraki Kent A.\u015e.\u2019de aylard\u0131r maa\u015f alamayan ve birikmi\u015f alacaklar\u0131 y\u00fcz binlerce liray\u0131 bulan i\u015f\u00e7ilere, belediye y\u00f6netimi taraf\u0131ndan 750 TL\u2019lik g\u0131da al\u0131\u015fveri\u015fi kart\u0131 da\u011f\u0131t\u0131lmas\u0131 barda\u011f\u0131 ta\u015f\u0131rd\u0131. D\u0130SK\/Genel-\u0130\u015f 10 No\u2019lu \u015eube Y\u00f6netimi, belediyenin bu hamlesini \u2019i\u015f\u00e7inin onuruyla dalga ge\u00e7mek\u2019 olarak niteleyen bir a\u00e7\u0131klama yay\u0131mlad\u0131.<br \/>\n<br \/>Kar\u015f\u0131yaka Belediyesi y\u00f6netiminin, yedi ayd\u0131r maa\u015flar\u0131n\u0131 \u00f6demedi\u011fi Kent A.\u015e. \u00e7al\u0131\u015fanlar\u0131na \u00e7\u00f6z\u00fcm olarak sundu\u011fu 750 TL\u2019lik g\u0131da al\u0131\u015fveri\u015fi kart\u0131, sendikan\u0131n sert tepkisine neden oldu. Yap\u0131lan a\u00e7\u0131klamada, i\u015f\u00e7ilerin al\u0131n terinin kar\u015f\u0131l\u0131\u011f\u0131n\u0131n ge\u00e7ici ve sembolik yard\u0131mlarla ge\u00e7i\u015ftirilemeyece\u011fi vurguland\u0131.<\/p>\n<p>&#8220;400 bin TL alaca\u011fa 750 TL g\u0131da kart\u0131&#8221;<br \/>\n<br \/>Sendika y\u00f6netimi, i\u015f\u00e7i ba\u015f\u0131na d\u00fc\u015fen alacak miktar\u0131n\u0131n devasa boyutlara ula\u015ft\u0131\u011f\u0131na dikkat \u00e7ekerek \u015fu sert ifadeleri kulland\u0131: &#8220;Kent A.\u015e. emek\u00e7ilerinin ki\u015fi ba\u015f\u0131 350-400 bin TL\u2019ye ula\u015fan \u00fccret alacaklar\u0131 bulunurken, b\u00f6ylesi sembolik bir tutar\u0131n \u2019\u00e7\u00f6z\u00fcm\u2019 olarak sunulmas\u0131 i\u015f\u00e7inin eme\u011fiyle ve onuruyla uzla\u015fmamaktad\u0131r.. Hayat pahal\u0131l\u0131\u011f\u0131n\u0131n bu denli artt\u0131\u011f\u0131 bir d\u00f6nemde 750 TL\u2019lik bir kart, aylarca \u00f6denmeyen maa\u015flar\u0131n yan\u0131nda ciddiyetten uzakt\u0131r, kabul edilemez!&#8221;<\/p>\n<p>\u0130\u015f\u00e7iler aras\u0131nda ayr\u0131mc\u0131l\u0131k iddias\u0131<br \/>\n<br \/>Uygulaman\u0131n sadece tesis \u00e7al\u0131\u015fanlar\u0131yla s\u0131n\u0131rland\u0131r\u0131lmas\u0131n\u0131 da \u2019\u00e7al\u0131\u015fma bar\u0131\u015f\u0131na darbe\u2019 olarak nitelendiren D\u0130SK y\u00f6netimi, belediyenin i\u015f\u00e7iler aras\u0131nda ayr\u0131mc\u0131l\u0131k yaparak kaosa zemin haz\u0131rlad\u0131\u011f\u0131n\u0131 savundu. A\u00e7\u0131klamada, &#8220;S\u00f6z konusu uygulama i\u015f\u00e7iler aras\u0131nda ayr\u0131m yap\u0131ld\u0131\u011f\u0131 y\u00f6n\u00fcnde ciddi bir alg\u0131 olu\u015fturmakta; bu durum \u00e7al\u0131\u015fma bar\u0131\u015f\u0131n\u0131 zedelemektedir&#8221; denildi.<\/p>\n<p>&#8220;Sorumluluktan ka\u00e7may\u0131n, maa\u015flar\u0131 \u00f6deyin&#8221;<br \/>\n<br \/>Kar\u015f\u0131yaka Belediyesi\u2019ne seslenen sendika, \u2019vicdan rahatlatma\u2019 operasyonlar\u0131na son verilmesi gerekti\u011fini belirterek, &#8220;\u0130\u015f\u00e7inin onurunu zedeleyen, sembolik ve ge\u00e7ici yard\u0131mlarla sorumluluktan ka\u00e7\u0131nmaya y\u00f6nelik uygulamalardan derhal vazge\u00e7in. Yedi ayd\u0131r maa\u015f alamayan Kent A.\u015e. i\u015f\u00e7isinin dayanacak g\u00fcc\u00fc kalmam\u0131\u015ft\u0131r. Emek\u00e7inin ihtiyac\u0131 ge\u00e7ici kartlar de\u011fil, al\u0131n terinin kar\u015f\u0131l\u0131\u011f\u0131 olan \u00fccretidir. \u0130\u015f\u00e7inin birikmi\u015f maa\u015f alacaklar\u0131n\u0131 eksiksiz ve zaman\u0131nda \u00f6deyin&#8221; ifadelerine yer verdi.<br \/><\/p>\n","protected":false},"excerpt":{"rendered":"<p>Kar\u015f\u0131yaka Belediyesi i\u015ftiraki Kent A.\u015e.\u2019de aylard\u0131r maa\u015f alamayan ve birikmi\u015f alacaklar\u0131 y\u00fcz binlerce liray\u0131 bulan i\u015f\u00e7ilere, belediye y\u00f6netimi taraf\u0131ndan 750 TL\u2019lik g\u0131da al\u0131\u015fveri\u015fi kart\u0131 da\u011f\u0131t\u0131lmas\u0131 barda\u011f\u0131 ta\u015f\u0131rd\u0131. D\u0130SK\/Genel-\u0130\u015f 10 No\u2019lu \u015eube Y\u00f6netimi, belediyenin bu hamlesini \u2019i\u015f\u00e7inin onuruyla dalga ge\u00e7mek\u2019 olarak niteleyen bir a\u00e7\u0131klama yay\u0131mlad\u0131. Kar\u015f\u0131yaka Belediyesi y\u00f6netiminin, yedi ayd\u0131r maa\u015flar\u0131n\u0131 \u00f6demedi\u011fi Kent A.\u015e. \u00e7al\u0131\u015fanlar\u0131na \u00e7\u00f6z\u00fcm&#8230;<\/p>\n","protected":false},"author":1,"featured_media":90847,"comment_status":"open","ping_status":"open","sticky":false,"template":"","format":"standard","meta":{"_crdt_document":"","footnotes":""},"categories":[125],"tags":[],"class_list":["post-90846","post","type-post","status-publish","format-standard","has-post-thumbnail","hentry","category-ekonomi"],"_links":{"self":[{"href":"https:\/\/www.egemtv.com\/index.php?rest_route=\/wp\/v2\/posts\/90846","targetHints":{"allow":["GET"]}}],"collection":[{"href":"https:\/\/www.egemtv.com\/index.php?rest_route=\/wp\/v2\/posts"}],"about":[{"href":"https:\/\/www.egemtv.com\/index.php?rest_route=\/wp\/v2\/types\/post"}],"author":[{"embeddable":true,"href":"https:\/\/www.egemtv.com\/index.php?rest_route=\/wp\/v2\/users\/1"}],"replies":[{"embeddable":true,"href":"https:\/\/www.egemtv.com\/index.php?rest_route=%2Fwp%2Fv2%2Fcomments&post=90846"}],"version-history":[{"count":1,"href":"https:\/\/www.egemtv.com\/index.php?rest_route=\/wp\/v2\/posts\/90846\/revisions"}],"predecessor-version":[{"id":90848,"href":"https:\/\/www.egemtv.com\/index.php?rest_route=\/wp\/v2\/posts\/90846\/revisions\/90848"}],"wp:featuredmedia":[{"embeddable":true,"href":"https:\/\/www.egemtv.com\/index.php?rest_route=\/wp\/v2\/media\/90847"}],"wp:attachment":[{"href":"https:\/\/www.egemtv.com\/index.php?rest_route=%2Fwp%2Fv2%2Fmedia&parent=90846"}],"wp:term":[{"taxonomy":"category","embeddable":true,"href":"https:\/\/www.egemtv.com\/index.php?rest_route=%2Fwp%2Fv2%2Fcategories&post=90846"},{"taxonomy":"post_tag","embeddable":true,"href":"https:\/\/www.egemtv.com\/index.php?rest_route=%2Fwp%2Fv2%2Ftags&post=90846"}],"curies":[{"name":"wp","href":"https:\/\/api.w.org\/{rel}","templated":true}]}}