{"id":90843,"date":"2026-02-27T13:34:51","date_gmt":"2026-02-27T10:34:51","guid":{"rendered":"https:\/\/www.egemtv.com\/?p=90843"},"modified":"2026-02-27T13:34:52","modified_gmt":"2026-02-27T10:34:52","slug":"merkezefendi-kent-tiyatrosu-yeni-oyunu-biz-asik-degiliz-ile-sahnede","status":"publish","type":"post","link":"https:\/\/www.egemtv.com\/?p=90843","title":{"rendered":"Merkezefendi Kent Tiyatrosu yeni oyunu \u2018Biz A\u015f\u0131k De\u011filiz\u2019 ile sahnede"},"content":{"rendered":"<p>Merkezefendi Belediyesi Kent Tiyatrosu, repertuar\u0131na katt\u0131\u011f\u0131 yeni oyunu \u2018Biz A\u015f\u0131k De\u011filiz\u2019 ile bug\u00fcn sanatseverlerin kar\u015f\u0131s\u0131na \u00e7\u0131k\u0131yor.<\/p>\n<p>Merkezefendi Belediyesi\u2019nin k\u00fclt\u00fcr ve sanat etkinlikleri kapsam\u0131nda sahnelenecek olan oyun, bug\u00fcn saat 20.30\u2019da Merkezefendi K\u00fclt\u00fcr Merkezi\u2019nde tiyatroseverlerle bulu\u015facak. Merkezefendi Kent Tiyatrosu, repertuar\u0131na katt\u0131\u011f\u0131 yeni oyunu \u2018Biz A\u015f\u0131k De\u011filiz\u2019 ile kadim bir soruya modern bir cevap ar\u0131yor, duygular\u0131n ve toplumun ortas\u0131nda kalan insan a\u015fk\u0131 b\u00fct\u00fcn i\u00e7tenli\u011fiyle ya\u015fayabilir mi? Romantik ili\u015fkileri tarih \u00f6ncesinden al\u0131p zaman\u0131n \u00f6tesine ta\u015f\u0131yan oyun, izleyicilere hem farkl\u0131 bir bak\u0131\u015f a\u00e7\u0131s\u0131 hem de etkileyici bir sahne deneyimi sunacak.<\/p>\n<p>Merkezefendi Belediyesi\u2019nin sanat\u0131 toplumun her kesimine ula\u015ft\u0131rma hedefi do\u011frultusunda \u00e7al\u0131\u015fmalar\u0131n\u0131 s\u00fcrd\u00fcren Merkezefendi Kent Tiyatrosu, haz\u0131rlad\u0131\u011f\u0131 yeni oyunla izleyicilere keyifli ve anlaml\u0131 bir ak\u015fam ya\u015fatacak. Titizlikle haz\u0131rlanan oyun, sahne performans\u0131, kurgusu ve g\u00fc\u00e7l\u00fc oyunculuklar\u0131yla izleyicilere unutulmaz anlar ya\u015fatacak.<\/p>\n<p>K\u00fclt\u00fcr ve sanat faaliyetlerine b\u00fcy\u00fck \u00f6nem veren Merkezefendi Belediyesi, tiyatro ba\u015fta olmak \u00fczere d\u00fczenledi\u011fi etkinliklerle vatanda\u015flar\u0131 sanatla bulu\u015fturmaya devam ediyor.<br \/><\/p>\n","protected":false},"excerpt":{"rendered":"<p>Merkezefendi Belediyesi Kent Tiyatrosu, repertuar\u0131na katt\u0131\u011f\u0131 yeni oyunu \u2018Biz A\u015f\u0131k De\u011filiz\u2019 ile bug\u00fcn sanatseverlerin kar\u015f\u0131s\u0131na \u00e7\u0131k\u0131yor. Merkezefendi Belediyesi\u2019nin k\u00fclt\u00fcr ve sanat etkinlikleri kapsam\u0131nda sahnelenecek olan oyun, bug\u00fcn saat 20.30\u2019da Merkezefendi K\u00fclt\u00fcr Merkezi\u2019nde tiyatroseverlerle bulu\u015facak. Merkezefendi Kent Tiyatrosu, repertuar\u0131na katt\u0131\u011f\u0131 yeni oyunu \u2018Biz A\u015f\u0131k De\u011filiz\u2019 ile kadim bir soruya modern bir cevap ar\u0131yor, duygular\u0131n ve toplumun&#8230;<\/p>\n","protected":false},"author":1,"featured_media":90844,"comment_status":"open","ping_status":"open","sticky":false,"template":"","format":"standard","meta":{"_crdt_document":"","footnotes":""},"categories":[1],"tags":[],"class_list":["post-90843","post","type-post","status-publish","format-standard","has-post-thumbnail","hentry","category-guncel"],"_links":{"self":[{"href":"https:\/\/www.egemtv.com\/index.php?rest_route=\/wp\/v2\/posts\/90843","targetHints":{"allow":["GET"]}}],"collection":[{"href":"https:\/\/www.egemtv.com\/index.php?rest_route=\/wp\/v2\/posts"}],"about":[{"href":"https:\/\/www.egemtv.com\/index.php?rest_route=\/wp\/v2\/types\/post"}],"author":[{"embeddable":true,"href":"https:\/\/www.egemtv.com\/index.php?rest_route=\/wp\/v2\/users\/1"}],"replies":[{"embeddable":true,"href":"https:\/\/www.egemtv.com\/index.php?rest_route=%2Fwp%2Fv2%2Fcomments&post=90843"}],"version-history":[{"count":1,"href":"https:\/\/www.egemtv.com\/index.php?rest_route=\/wp\/v2\/posts\/90843\/revisions"}],"predecessor-version":[{"id":90845,"href":"https:\/\/www.egemtv.com\/index.php?rest_route=\/wp\/v2\/posts\/90843\/revisions\/90845"}],"wp:featuredmedia":[{"embeddable":true,"href":"https:\/\/www.egemtv.com\/index.php?rest_route=\/wp\/v2\/media\/90844"}],"wp:attachment":[{"href":"https:\/\/www.egemtv.com\/index.php?rest_route=%2Fwp%2Fv2%2Fmedia&parent=90843"}],"wp:term":[{"taxonomy":"category","embeddable":true,"href":"https:\/\/www.egemtv.com\/index.php?rest_route=%2Fwp%2Fv2%2Fcategories&post=90843"},{"taxonomy":"post_tag","embeddable":true,"href":"https:\/\/www.egemtv.com\/index.php?rest_route=%2Fwp%2Fv2%2Ftags&post=90843"}],"curies":[{"name":"wp","href":"https:\/\/api.w.org\/{rel}","templated":true}]}}