{"id":90840,"date":"2026-02-27T13:15:06","date_gmt":"2026-02-27T10:15:06","guid":{"rendered":"https:\/\/www.egemtv.com\/?p=90840"},"modified":"2026-02-27T13:15:07","modified_gmt":"2026-02-27T10:15:07","slug":"usakin-yeni-valisi-serdar-kartal-gorevine-basladi","status":"publish","type":"post","link":"https:\/\/www.egemtv.com\/?p=90840","title":{"rendered":"U\u015fak\u2019\u0131n yeni Valisi Serdar Kartal g\u00f6revine ba\u015flad\u0131"},"content":{"rendered":"<p>Cumhurba\u015fkan\u0131 Recep Tayyip Erdo\u011fan\u2019\u0131n imzas\u0131yla Resmi Gazete\u2019de yay\u0131mlanan kararname ile \u0130\u00e7i\u015fleri Bakanl\u0131\u011f\u0131 Destek Hizmetleri Dairesi Ba\u015fkanl\u0131\u011f\u0131ndan U\u015fak Valili\u011fine atanan Serdar Kartal g\u00f6revine ba\u015flad\u0131.<\/p>\n<p>U\u015fak Valili\u011fine atanan Serdar Kartal i\u00e7in valilik binas\u0131nda kar\u015f\u0131lama t\u00f6reni d\u00fczenlendi. T\u00f6ren mangas\u0131n\u0131 selamlayan Kartal, vali yard\u0131mc\u0131lar\u0131 ve kurum m\u00fcd\u00fcrleriyle tan\u0131\u015ft\u0131ktan sonra Valilik binas\u0131na ge\u00e7ti.<br \/>\n<br \/>Burada a\u00e7\u0131klamalarda bulunan Vali Kartal; &#8220;G\u00f6reve ba\u015flarken, b\u00f6ylesine derin bir k\u00fclt\u00fcre, g\u00fc\u00e7l\u00fc bir birlik ruhuna ve y\u00fckselen bir kalk\u0131nma dinamizmine sahip U\u015fak ilinde hizmet edecek olman\u0131n a\u011f\u0131r fakat onurlu sorumlulu\u011funu y\u00fcre\u011fimde hissetti\u011fimi belirtmek istiyorum. Bu birikimi koruyarak ve daha da ileriye ta\u015f\u0131yarak, sanayisiyle \u00fcreten, tar\u0131m\u0131yla bereketlenen, gen\u00e7leriyle g\u00fc\u00e7lenen ve her bir hem\u015fehrisini kucaklayan bir U\u015fak hedefiyle kararl\u0131l\u0131kla yol alaca\u011f\u0131z.&#8221; dedi.<\/p>\n<p>Kartal s\u00f6zlerine \u015f\u00f6yle devam etti; &#8220;U\u015fak\u2019\u0131n huzurunu, refah\u0131n\u0131 ve gelece\u011fini daha da g\u00fc\u00e7lendirmek i\u00e7in var g\u00fcc\u00fcm\u00fczle \u00e7al\u0131\u015faca\u011f\u0131z. Sizlerin talep ve \u00f6nerileri bizler i\u00e7in yol g\u00f6sterici olacakt\u0131r. Y\u00fcce Allah\u2019\u0131n inayeti, dualar\u0131n\u0131z ve bu birliktelik ruhuyla U\u015fak\u2019\u0131 her alanda daha ileriye ta\u015f\u0131yaca\u011f\u0131m\u0131za inanc\u0131m\u0131z tamd\u0131r. Bizler i\u00e7in devlette makamlar gelip ge\u00e7icidir, kal\u0131c\u0131 olan ise aziz milletimize hizmet etmektir. Bu bilin\u00e7le U\u015fak\u2019\u0131m\u0131z\u0131n her il\u00e7esini, her k\u00f6y\u00fcn\u00fc, her mahallesini ve her bir vatanda\u015f\u0131n\u0131 kapsayan, adaletli, \u015feffaf ve \u00e7\u00f6z\u00fcm odakl\u0131 bir y\u00f6netim anlay\u0131\u015f\u0131n\u0131 hakim k\u0131lmay\u0131 esas alaca\u011f\u0131z. Kap\u0131s\u0131 da g\u00f6nl\u00fc de herkese a\u00e7\u0131k bir idare anlay\u0131\u015f\u0131yla, devletimizin \u015fefkatini, g\u00fcler y\u00fcz\u00fcn\u00fc ve g\u00fcven veren varl\u0131\u011f\u0131n\u0131 hayat\u0131n her alan\u0131nda hissettirmeyi temel vazifemiz olarak g\u00f6r\u00fcyoruz.&#8221; dedi.<br \/>\n<br \/>A\u00e7\u0131klama sonras\u0131 Vali Kartal, makam\u0131nda il protokol\u00fc ile bir toplant\u0131 ger\u00e7ekle\u015ftirdi.<br \/><\/p>\n","protected":false},"excerpt":{"rendered":"<p>Cumhurba\u015fkan\u0131 Recep Tayyip Erdo\u011fan\u2019\u0131n imzas\u0131yla Resmi Gazete\u2019de yay\u0131mlanan kararname ile \u0130\u00e7i\u015fleri Bakanl\u0131\u011f\u0131 Destek Hizmetleri Dairesi Ba\u015fkanl\u0131\u011f\u0131ndan U\u015fak Valili\u011fine atanan Serdar Kartal g\u00f6revine ba\u015flad\u0131. U\u015fak Valili\u011fine atanan Serdar Kartal i\u00e7in valilik binas\u0131nda kar\u015f\u0131lama t\u00f6reni d\u00fczenlendi. T\u00f6ren mangas\u0131n\u0131 selamlayan Kartal, vali yard\u0131mc\u0131lar\u0131 ve kurum m\u00fcd\u00fcrleriyle tan\u0131\u015ft\u0131ktan sonra Valilik binas\u0131na ge\u00e7ti. Burada a\u00e7\u0131klamalarda bulunan Vali Kartal; &#8220;G\u00f6reve ba\u015flarken,&#8230;<\/p>\n","protected":false},"author":1,"featured_media":90841,"comment_status":"open","ping_status":"open","sticky":false,"template":"","format":"standard","meta":{"_crdt_document":"","footnotes":""},"categories":[127],"tags":[],"class_list":["post-90840","post","type-post","status-publish","format-standard","has-post-thumbnail","hentry","category-siyaset"],"_links":{"self":[{"href":"https:\/\/www.egemtv.com\/index.php?rest_route=\/wp\/v2\/posts\/90840","targetHints":{"allow":["GET"]}}],"collection":[{"href":"https:\/\/www.egemtv.com\/index.php?rest_route=\/wp\/v2\/posts"}],"about":[{"href":"https:\/\/www.egemtv.com\/index.php?rest_route=\/wp\/v2\/types\/post"}],"author":[{"embeddable":true,"href":"https:\/\/www.egemtv.com\/index.php?rest_route=\/wp\/v2\/users\/1"}],"replies":[{"embeddable":true,"href":"https:\/\/www.egemtv.com\/index.php?rest_route=%2Fwp%2Fv2%2Fcomments&post=90840"}],"version-history":[{"count":1,"href":"https:\/\/www.egemtv.com\/index.php?rest_route=\/wp\/v2\/posts\/90840\/revisions"}],"predecessor-version":[{"id":90842,"href":"https:\/\/www.egemtv.com\/index.php?rest_route=\/wp\/v2\/posts\/90840\/revisions\/90842"}],"wp:featuredmedia":[{"embeddable":true,"href":"https:\/\/www.egemtv.com\/index.php?rest_route=\/wp\/v2\/media\/90841"}],"wp:attachment":[{"href":"https:\/\/www.egemtv.com\/index.php?rest_route=%2Fwp%2Fv2%2Fmedia&parent=90840"}],"wp:term":[{"taxonomy":"category","embeddable":true,"href":"https:\/\/www.egemtv.com\/index.php?rest_route=%2Fwp%2Fv2%2Fcategories&post=90840"},{"taxonomy":"post_tag","embeddable":true,"href":"https:\/\/www.egemtv.com\/index.php?rest_route=%2Fwp%2Fv2%2Ftags&post=90840"}],"curies":[{"name":"wp","href":"https:\/\/api.w.org\/{rel}","templated":true}]}}