{"id":90837,"date":"2026-02-27T13:15:05","date_gmt":"2026-02-27T10:15:05","guid":{"rendered":"https:\/\/www.egemtv.com\/?p=90837"},"modified":"2026-02-27T13:15:06","modified_gmt":"2026-02-27T10:15:06","slug":"belediye-baskani-gecirdigi-kalp-krizi-sonrasi-hayatini-kaybetti","status":"publish","type":"post","link":"https:\/\/www.egemtv.com\/?p=90837","title":{"rendered":"Belediye ba\u015fkan\u0131 ge\u00e7irdi\u011fi kalp krizi sonras\u0131 hayat\u0131n\u0131 kaybetti"},"content":{"rendered":"<p>Afyonkarahisar\u2019\u0131n Sinanpa\u015fa il\u00e7esine ba\u011fl\u0131 G\u00fcney Belde Belediye Ba\u015fkan\u0131 Erol Karabacak ge\u00e7irdi\u011fi kalp krizi sonucu hayat\u0131n\u0131 kaybetti.<br \/>\n<br \/>Ba\u015fkan Karabacak\u2019\u0131n sabah saatlerinde evinde fenala\u015ft\u0131\u011f\u0131 ve yak\u0131nlar\u0131n\u0131n ambulans \u00e7a\u011f\u0131rmas\u0131 \u00fczerine olay yerine sa\u011fl\u0131k ekiplerinin sevk edildi\u011fi ancak yap\u0131lan m\u00fcdahaleye ra\u011fmen kurtar\u0131lamayarak hayat\u0131n\u0131 kaybetti\u011fi \u00f6\u011frenildi. Olay\u0131n ard\u0131ndan Ba\u015fkan Karabacak\u2019\u0131n naa\u015f\u0131n\u0131n cenaze arac\u0131 ile al\u0131narak morga g\u00f6t\u00fcr\u00fcld\u00fc\u011f\u00fc belirtildi.<br \/>\n<br \/>Karabacak\u2019\u0131n \u00f6l\u00fcm\u00fcn\u00fcn ard\u0131ndan AK Parti \u0130l Ba\u015fkanl\u0131\u011f\u0131ndan yap\u0131lan a\u00e7\u0131klamada ise \u015fu ifadelere yer verildi:<br \/>\n<br \/>&#8220;Milletine ve memleketine hizmet etmeyi \u015fiar edinmi\u015f, g\u00f6rev s\u00fcresi boyunca G\u00fcney Beldemizin geli\u015fmesi, kalk\u0131nmas\u0131 ve hem\u015fehrilerimizin refah\u0131 i\u00e7in b\u00fcy\u00fck bir gayretle \u00e7al\u0131\u015fan k\u0131ymetli ba\u015fkan\u0131m\u0131za Allah\u2019tan rahmet diliyoruz.<br \/>\n<br \/>Merhum ba\u015fkan\u0131m\u0131z, dava bilinci, samimiyeti ve \u00e7al\u0131\u015fkanl\u0131\u011f\u0131yla te\u015fkilat\u0131m\u0131z\u0131n ve hem\u015fehrilerimizin g\u00f6nl\u00fcnde m\u00fcstesna bir yer edinmi\u015ftir. G\u00fcney Beldemize kazand\u0131rd\u0131\u011f\u0131 hizmetler ve ortaya koydu\u011fu eserler daima hay\u0131rla y\u00e2d edilecektir.&#8221;<br \/><\/p>\n","protected":false},"excerpt":{"rendered":"<p>Afyonkarahisar\u2019\u0131n Sinanpa\u015fa il\u00e7esine ba\u011fl\u0131 G\u00fcney Belde Belediye Ba\u015fkan\u0131 Erol Karabacak ge\u00e7irdi\u011fi kalp krizi sonucu hayat\u0131n\u0131 kaybetti. Ba\u015fkan Karabacak\u2019\u0131n sabah saatlerinde evinde fenala\u015ft\u0131\u011f\u0131 ve yak\u0131nlar\u0131n\u0131n ambulans \u00e7a\u011f\u0131rmas\u0131 \u00fczerine olay yerine sa\u011fl\u0131k ekiplerinin sevk edildi\u011fi ancak yap\u0131lan m\u00fcdahaleye ra\u011fmen kurtar\u0131lamayarak hayat\u0131n\u0131 kaybetti\u011fi \u00f6\u011frenildi. Olay\u0131n ard\u0131ndan Ba\u015fkan Karabacak\u2019\u0131n naa\u015f\u0131n\u0131n cenaze arac\u0131 ile al\u0131narak morga g\u00f6t\u00fcr\u00fcld\u00fc\u011f\u00fc belirtildi. Karabacak\u2019\u0131n \u00f6l\u00fcm\u00fcn\u00fcn&#8230;<\/p>\n","protected":false},"author":1,"featured_media":90838,"comment_status":"open","ping_status":"open","sticky":false,"template":"","format":"standard","meta":{"_crdt_document":"","footnotes":""},"categories":[5],"tags":[],"class_list":["post-90837","post","type-post","status-publish","format-standard","has-post-thumbnail","hentry","category-asayis"],"_links":{"self":[{"href":"https:\/\/www.egemtv.com\/index.php?rest_route=\/wp\/v2\/posts\/90837","targetHints":{"allow":["GET"]}}],"collection":[{"href":"https:\/\/www.egemtv.com\/index.php?rest_route=\/wp\/v2\/posts"}],"about":[{"href":"https:\/\/www.egemtv.com\/index.php?rest_route=\/wp\/v2\/types\/post"}],"author":[{"embeddable":true,"href":"https:\/\/www.egemtv.com\/index.php?rest_route=\/wp\/v2\/users\/1"}],"replies":[{"embeddable":true,"href":"https:\/\/www.egemtv.com\/index.php?rest_route=%2Fwp%2Fv2%2Fcomments&post=90837"}],"version-history":[{"count":1,"href":"https:\/\/www.egemtv.com\/index.php?rest_route=\/wp\/v2\/posts\/90837\/revisions"}],"predecessor-version":[{"id":90839,"href":"https:\/\/www.egemtv.com\/index.php?rest_route=\/wp\/v2\/posts\/90837\/revisions\/90839"}],"wp:featuredmedia":[{"embeddable":true,"href":"https:\/\/www.egemtv.com\/index.php?rest_route=\/wp\/v2\/media\/90838"}],"wp:attachment":[{"href":"https:\/\/www.egemtv.com\/index.php?rest_route=%2Fwp%2Fv2%2Fmedia&parent=90837"}],"wp:term":[{"taxonomy":"category","embeddable":true,"href":"https:\/\/www.egemtv.com\/index.php?rest_route=%2Fwp%2Fv2%2Fcategories&post=90837"},{"taxonomy":"post_tag","embeddable":true,"href":"https:\/\/www.egemtv.com\/index.php?rest_route=%2Fwp%2Fv2%2Ftags&post=90837"}],"curies":[{"name":"wp","href":"https:\/\/api.w.org\/{rel}","templated":true}]}}