{"id":90834,"date":"2026-02-27T13:15:04","date_gmt":"2026-02-27T10:15:04","guid":{"rendered":"https:\/\/www.egemtv.com\/?p=90834"},"modified":"2026-02-27T13:15:05","modified_gmt":"2026-02-27T10:15:05","slug":"isci-konteynerinde-cikan-yangin-kontrol-altina-alindi","status":"publish","type":"post","link":"https:\/\/www.egemtv.com\/?p=90834","title":{"rendered":"\u0130\u015f\u00e7i konteynerinde \u00e7\u0131kan yang\u0131n kontrol alt\u0131na al\u0131nd\u0131"},"content":{"rendered":"<p>Manisa\u2019n\u0131n \u015eehzadeler il\u00e7esine yap\u0131m\u0131 devam eden in\u015faat\u0131n i\u015f\u00e7i konteynerinde yang\u0131n \u00e7\u0131kt\u0131. Yakla\u015f\u0131k 240 i\u015f\u00e7inin konaklad\u0131\u011f\u0131 b\u00f6lgede \u00e7\u0131kan yang\u0131n, Manisa B\u00fcy\u00fck\u015fehir Belediyesi ve MASK\u0130 ekiplerinin yo\u011fun \u00e7abas\u0131yla kontrol alt\u0131na al\u0131nd\u0131.<br \/>\n<br \/>Yang\u0131n Manisa\u2019n\u0131n \u015eehzadeler il\u00e7esine ba\u011fl\u0131 Sancakl\u0131bozk\u00f6y Mahallesi\u2019ndeki TOK\u0130 konutlar\u0131 in\u015faat alan\u0131ndaki 3 katl\u0131 i\u015f\u00e7i konteynerinde meydana geldi. Edinilen bilgiye g\u00f6re sabaha kar\u015f\u0131 ba\u015flayan yang\u0131na ihbar \u00fczerine Sancakl\u0131bozk\u00f6y, \u00c7obanisa, K\u0131rt\u0131k, Merkez ve Turgutlu itfaiye amirliklerinden ekipler h\u0131zla b\u00f6lgeye sevk edildi. Toplam 11 ara\u00e7 ve 23 personel ile y\u00fcr\u00fct\u00fclen operasyona, Kent Esteti\u011fi Dairesi ve MASK\u0130\u2019ye ait su tankerleri de destek verdi. Kurumlar aras\u0131 g\u00fc\u00e7l\u00fc koordinasyon sayesinde alevler \u00e7evreye s\u0131\u00e7ramadan s\u00f6nd\u00fcr\u00fcld\u00fc.<br \/>\n<br \/>Manisa B\u00fcy\u00fck\u015fehir Belediyesi Genel Sekreter Yard\u0131mc\u0131s\u0131 Erk Kayaba\u015f ve \u0130tfaiye Dairesi Ba\u015fkan\u0131 G\u00fcrhan \u0130nal, olay yerinde incelemelerde bulunarak s\u00fcre\u00e7 hakk\u0131nda bilgi ald\u0131 ve vatanda\u015flara ge\u00e7mi\u015f olsun dileklerini iletti.<br \/><\/p>\n","protected":false},"excerpt":{"rendered":"<p>Manisa\u2019n\u0131n \u015eehzadeler il\u00e7esine yap\u0131m\u0131 devam eden in\u015faat\u0131n i\u015f\u00e7i konteynerinde yang\u0131n \u00e7\u0131kt\u0131. Yakla\u015f\u0131k 240 i\u015f\u00e7inin konaklad\u0131\u011f\u0131 b\u00f6lgede \u00e7\u0131kan yang\u0131n, Manisa B\u00fcy\u00fck\u015fehir Belediyesi ve MASK\u0130 ekiplerinin yo\u011fun \u00e7abas\u0131yla kontrol alt\u0131na al\u0131nd\u0131. Yang\u0131n Manisa\u2019n\u0131n \u015eehzadeler il\u00e7esine ba\u011fl\u0131 Sancakl\u0131bozk\u00f6y Mahallesi\u2019ndeki TOK\u0130 konutlar\u0131 in\u015faat alan\u0131ndaki 3 katl\u0131 i\u015f\u00e7i konteynerinde meydana geldi. Edinilen bilgiye g\u00f6re sabaha kar\u015f\u0131 ba\u015flayan yang\u0131na ihbar \u00fczerine&#8230;<\/p>\n","protected":false},"author":1,"featured_media":90835,"comment_status":"open","ping_status":"open","sticky":false,"template":"","format":"standard","meta":{"_crdt_document":"","footnotes":""},"categories":[5],"tags":[],"class_list":["post-90834","post","type-post","status-publish","format-standard","has-post-thumbnail","hentry","category-asayis"],"_links":{"self":[{"href":"https:\/\/www.egemtv.com\/index.php?rest_route=\/wp\/v2\/posts\/90834","targetHints":{"allow":["GET"]}}],"collection":[{"href":"https:\/\/www.egemtv.com\/index.php?rest_route=\/wp\/v2\/posts"}],"about":[{"href":"https:\/\/www.egemtv.com\/index.php?rest_route=\/wp\/v2\/types\/post"}],"author":[{"embeddable":true,"href":"https:\/\/www.egemtv.com\/index.php?rest_route=\/wp\/v2\/users\/1"}],"replies":[{"embeddable":true,"href":"https:\/\/www.egemtv.com\/index.php?rest_route=%2Fwp%2Fv2%2Fcomments&post=90834"}],"version-history":[{"count":1,"href":"https:\/\/www.egemtv.com\/index.php?rest_route=\/wp\/v2\/posts\/90834\/revisions"}],"predecessor-version":[{"id":90836,"href":"https:\/\/www.egemtv.com\/index.php?rest_route=\/wp\/v2\/posts\/90834\/revisions\/90836"}],"wp:featuredmedia":[{"embeddable":true,"href":"https:\/\/www.egemtv.com\/index.php?rest_route=\/wp\/v2\/media\/90835"}],"wp:attachment":[{"href":"https:\/\/www.egemtv.com\/index.php?rest_route=%2Fwp%2Fv2%2Fmedia&parent=90834"}],"wp:term":[{"taxonomy":"category","embeddable":true,"href":"https:\/\/www.egemtv.com\/index.php?rest_route=%2Fwp%2Fv2%2Fcategories&post=90834"},{"taxonomy":"post_tag","embeddable":true,"href":"https:\/\/www.egemtv.com\/index.php?rest_route=%2Fwp%2Fv2%2Ftags&post=90834"}],"curies":[{"name":"wp","href":"https:\/\/api.w.org\/{rel}","templated":true}]}}