{"id":90831,"date":"2026-02-27T13:15:02","date_gmt":"2026-02-27T10:15:02","guid":{"rendered":"https:\/\/www.egemtv.com\/?p=90831"},"modified":"2026-02-27T13:15:04","modified_gmt":"2026-02-27T10:15:04","slug":"hande-gul-anaokulu-minik-ogrenciler-ramazan-ruhunu-camide-yasadi","status":"publish","type":"post","link":"https:\/\/www.egemtv.com\/?p=90831","title":{"rendered":"Hande G\u00fcl Anaokulu minik \u00f6\u011frenciler Ramazan ruhunu camide ya\u015fad\u0131"},"content":{"rendered":"<p>K\u00fctahya\u2019n\u0131n Tav\u015fanl\u0131 il\u00e7esinde faaliyet g\u00f6steren Handeg\u00fcl Anaokulu \u00f6\u011frencileri, Milli E\u011fitim Bakanl\u0131\u011f\u0131\u2019n\u0131n (MEB) Ramazan Ay\u0131 Etkinlik rehberi kapsam\u0131nda d\u00fczenlenen programla cami ile bulu\u015ftu. Geleneksel hale gelen ziyaret, bu y\u0131l Ramazan ay\u0131n\u0131n manevi iklimiyle birle\u015ferek renkli g\u00f6r\u00fcnt\u00fclere sahne oldu.<br \/>\n<br \/>Tav\u015fanl\u0131 Handeg\u00fcl Anaokulu, \u00e7ocuklar\u0131n milli ve manevi de\u011ferleri yerinde \u00f6\u011frenmeleri amac\u0131yla her y\u0131l ger\u00e7ekle\u015ftirdi\u011fi cami ziyaretlerine bir yenisini daha ekledi. MEB\u2019in e\u011fitim vizyonuna uygun olarak d\u00fczenlenen etkinlikte minik \u00f6\u011frenciler, \u00f6\u011fretmenleri e\u015fli\u011finde caminin b\u00f6l\u00fcmlerini ke\u015ffetti. Cami ziyareti s\u0131ras\u0131nda minikler; mihrap, minber ve k\u00fcrs\u00fc gibi b\u00f6l\u00fcmleri b\u00fcy\u00fck bir merakla inceledi. Uzman e\u011fitmenler g\u00f6zetiminde ger\u00e7ekle\u015ftirilen gezide \u00e7ocuklara; cami adab\u0131, sessiz kalma kurallar\u0131, \u00e7evre temizli\u011fi, yard\u0131mla\u015fma ve ibadetin \u00f6nemi ya\u015flar\u0131na uygun, e\u011flenceli ve uygulamal\u0131 bir dille anlat\u0131ld\u0131. &#8220;G\u00f6rerek ve ya\u015fayarak \u00f6\u011frenme&#8221; metoduyla ger\u00e7ekle\u015ftirilen etkinlikte, \u00e7ocuklar\u0131n manevi mekanlara olan aidiyet duygular\u0131n\u0131n g\u00fc\u00e7lendirilmesi hedeflendi.<br \/>\n<br \/>Etkinlik sonunda a\u00e7\u0131klamalarda bulunan Handeg\u00fcl Anaokulu okul \u00f6ncesi \u00f6\u011fretmeni Sevg\u00fcl G\u00f6rm\u00fc\u015f, bu t\u00fcr faaliyetlerin okul k\u00fclt\u00fcr\u00fcn\u00fcn ayr\u0131lmaz bir par\u00e7as\u0131 oldu\u011funu vurgulad\u0131. G\u00f6rm\u00fc\u015f, yapt\u0131\u011f\u0131 a\u00e7\u0131klamada \u015fu ifadelere yer verdi: &#8220;Bakanl\u0131\u011f\u0131m\u0131z\u0131n e\u011fitim vizyonuyla uyumlu, \u00e7ocuklar\u0131m\u0131z\u0131n manevi d\u00fcnyas\u0131n\u0131 zenginle\u015ftiren bu t\u00fcr etkinliklere her zaman \u00f6ncelik veriyoruz. De\u011ferlerimize sahip \u00e7\u0131kmak, \u00e7ocuklar\u0131m\u0131z\u0131n geli\u015fimine katk\u0131 sa\u011flamak gelece\u011fe at\u0131lm\u0131\u015f en sa\u011flam ad\u0131md\u0131r. Unutmayal\u0131m ki ba\u015far\u0131 tesad\u00fcf de\u011fildir. \u00c7ocuklar\u0131m\u0131z\u0131n bu kutsal mekanda ya\u015fad\u0131\u011f\u0131 huzur ve \u00f6\u011frendikleri bilgiler, onlar\u0131n hayat yolculu\u011funda \u00f6nemli birer rehber olacakt\u0131r.&#8221;<br \/>\n<br \/>Ziyaretin sonunda manevi bir mekan\u0131 tan\u0131man\u0131n mutlulu\u011funu ya\u015fayan miniklerin heyecan\u0131 g\u00f6zlerinden okunurken, etkinlik toplu foto\u011fraf \u00e7ekimiyle sona erdi.<br \/><\/p>\n","protected":false},"excerpt":{"rendered":"<p>K\u00fctahya\u2019n\u0131n Tav\u015fanl\u0131 il\u00e7esinde faaliyet g\u00f6steren Handeg\u00fcl Anaokulu \u00f6\u011frencileri, Milli E\u011fitim Bakanl\u0131\u011f\u0131\u2019n\u0131n (MEB) Ramazan Ay\u0131 Etkinlik rehberi kapsam\u0131nda d\u00fczenlenen programla cami ile bulu\u015ftu. Geleneksel hale gelen ziyaret, bu y\u0131l Ramazan ay\u0131n\u0131n manevi iklimiyle birle\u015ferek renkli g\u00f6r\u00fcnt\u00fclere sahne oldu. Tav\u015fanl\u0131 Handeg\u00fcl Anaokulu, \u00e7ocuklar\u0131n milli ve manevi de\u011ferleri yerinde \u00f6\u011frenmeleri amac\u0131yla her y\u0131l ger\u00e7ekle\u015ftirdi\u011fi cami ziyaretlerine bir yenisini&#8230;<\/p>\n","protected":false},"author":1,"featured_media":90832,"comment_status":"open","ping_status":"open","sticky":false,"template":"","format":"standard","meta":{"_crdt_document":"","footnotes":""},"categories":[1],"tags":[],"class_list":["post-90831","post","type-post","status-publish","format-standard","has-post-thumbnail","hentry","category-guncel"],"_links":{"self":[{"href":"https:\/\/www.egemtv.com\/index.php?rest_route=\/wp\/v2\/posts\/90831","targetHints":{"allow":["GET"]}}],"collection":[{"href":"https:\/\/www.egemtv.com\/index.php?rest_route=\/wp\/v2\/posts"}],"about":[{"href":"https:\/\/www.egemtv.com\/index.php?rest_route=\/wp\/v2\/types\/post"}],"author":[{"embeddable":true,"href":"https:\/\/www.egemtv.com\/index.php?rest_route=\/wp\/v2\/users\/1"}],"replies":[{"embeddable":true,"href":"https:\/\/www.egemtv.com\/index.php?rest_route=%2Fwp%2Fv2%2Fcomments&post=90831"}],"version-history":[{"count":1,"href":"https:\/\/www.egemtv.com\/index.php?rest_route=\/wp\/v2\/posts\/90831\/revisions"}],"predecessor-version":[{"id":90833,"href":"https:\/\/www.egemtv.com\/index.php?rest_route=\/wp\/v2\/posts\/90831\/revisions\/90833"}],"wp:featuredmedia":[{"embeddable":true,"href":"https:\/\/www.egemtv.com\/index.php?rest_route=\/wp\/v2\/media\/90832"}],"wp:attachment":[{"href":"https:\/\/www.egemtv.com\/index.php?rest_route=%2Fwp%2Fv2%2Fmedia&parent=90831"}],"wp:term":[{"taxonomy":"category","embeddable":true,"href":"https:\/\/www.egemtv.com\/index.php?rest_route=%2Fwp%2Fv2%2Fcategories&post=90831"},{"taxonomy":"post_tag","embeddable":true,"href":"https:\/\/www.egemtv.com\/index.php?rest_route=%2Fwp%2Fv2%2Ftags&post=90831"}],"curies":[{"name":"wp","href":"https:\/\/api.w.org\/{rel}","templated":true}]}}