{"id":90801,"date":"2026-02-27T11:54:58","date_gmt":"2026-02-27T08:54:58","guid":{"rendered":"https:\/\/www.egemtv.com\/?p=90801"},"modified":"2026-02-27T11:54:59","modified_gmt":"2026-02-27T08:54:59","slug":"minikler-tesla-bobini-ile-bilimin-izini-surdu","status":"publish","type":"post","link":"https:\/\/www.egemtv.com\/?p=90801","title":{"rendered":"Minikler \u2019Tesla Bobini\u2019 ile bilimin izini s\u00fcrd\u00fc"},"content":{"rendered":"<p>Ayd\u0131n\u2019da Deneyap Teknoloji At\u00f6lyesi\u2019nde \u00f6\u011frenciler, Tesla bobini deneyiyle elektri\u011fin aktar\u0131m\u0131n\u0131 uygulamal\u0131 olarak g\u00f6zlemledi.<\/p>\n<p>Ayd\u0131n Gen\u00e7lik Merkezi b\u00fcnyesinde faaliyet g\u00f6steren Deneyap Teknoloji At\u00f6lyesi, anas\u0131n\u0131f\u0131 \u00f6\u011frencilerini a\u011f\u0131rlad\u0131. At\u00f6lyeyi ziyaret eden minik \u00f6\u011frenciler, ger\u00e7ekle\u015ftirilen deneylerle bilimi yak\u0131ndan tan\u0131ma f\u0131rsat\u0131 buldu. Program kapsam\u0131nda \u00f6\u011frencilere at\u00f6lyenin \u00e7al\u0131\u015fmalar\u0131 ve y\u00fcr\u00fct\u00fclen projeler hakk\u0131nda bilgi verildi. Ard\u0131ndan d\u00fczenlenen &#8220;Tesla bobini ile elektrik aktar\u0131m\u0131&#8221; deneyiyle \u00e7ocuklar, elektri\u011fin temass\u0131z iletimine ili\u015fkin uygulamay\u0131 yerinde g\u00f6zlemledi. E\u011fitmenler e\u015fli\u011finde ger\u00e7ekle\u015ftirilen deney s\u0131ras\u0131nda miniklerin heyecan\u0131 ve merak\u0131 dikkat \u00e7ekti. Tesla bobini d\u00fczene\u011fiyle yap\u0131lan uygulamada floresan t\u00fcp\u00fcn kablosuz \u015fekilde ayd\u0131nlanmas\u0131, \u00f6\u011frenciler taraf\u0131ndan ilgiyle takip edildi. Yetkililer, erken ya\u015fta bilim ve teknolojiyle tan\u0131\u015fman\u0131n \u00e7ocuklar\u0131n analitik d\u00fc\u015f\u00fcnme ve problem \u00e7\u00f6zme becerilerine katk\u0131 sa\u011flad\u0131\u011f\u0131n\u0131 belirterek, benzer etkinliklerin devam edece\u011fini ifade etti.<br \/><\/p>\n","protected":false},"excerpt":{"rendered":"<p>Ayd\u0131n\u2019da Deneyap Teknoloji At\u00f6lyesi\u2019nde \u00f6\u011frenciler, Tesla bobini deneyiyle elektri\u011fin aktar\u0131m\u0131n\u0131 uygulamal\u0131 olarak g\u00f6zlemledi. Ayd\u0131n Gen\u00e7lik Merkezi b\u00fcnyesinde faaliyet g\u00f6steren Deneyap Teknoloji At\u00f6lyesi, anas\u0131n\u0131f\u0131 \u00f6\u011frencilerini a\u011f\u0131rlad\u0131. At\u00f6lyeyi ziyaret eden minik \u00f6\u011frenciler, ger\u00e7ekle\u015ftirilen deneylerle bilimi yak\u0131ndan tan\u0131ma f\u0131rsat\u0131 buldu. Program kapsam\u0131nda \u00f6\u011frencilere at\u00f6lyenin \u00e7al\u0131\u015fmalar\u0131 ve y\u00fcr\u00fct\u00fclen projeler hakk\u0131nda bilgi verildi. Ard\u0131ndan d\u00fczenlenen &#8220;Tesla bobini ile elektrik aktar\u0131m\u0131&#8221;&#8230;<\/p>\n","protected":false},"author":1,"featured_media":90802,"comment_status":"open","ping_status":"open","sticky":false,"template":"","format":"standard","meta":{"_crdt_document":"","footnotes":""},"categories":[124],"tags":[],"class_list":["post-90801","post","type-post","status-publish","format-standard","has-post-thumbnail","hentry","category-bilim"],"_links":{"self":[{"href":"https:\/\/www.egemtv.com\/index.php?rest_route=\/wp\/v2\/posts\/90801","targetHints":{"allow":["GET"]}}],"collection":[{"href":"https:\/\/www.egemtv.com\/index.php?rest_route=\/wp\/v2\/posts"}],"about":[{"href":"https:\/\/www.egemtv.com\/index.php?rest_route=\/wp\/v2\/types\/post"}],"author":[{"embeddable":true,"href":"https:\/\/www.egemtv.com\/index.php?rest_route=\/wp\/v2\/users\/1"}],"replies":[{"embeddable":true,"href":"https:\/\/www.egemtv.com\/index.php?rest_route=%2Fwp%2Fv2%2Fcomments&post=90801"}],"version-history":[{"count":1,"href":"https:\/\/www.egemtv.com\/index.php?rest_route=\/wp\/v2\/posts\/90801\/revisions"}],"predecessor-version":[{"id":90803,"href":"https:\/\/www.egemtv.com\/index.php?rest_route=\/wp\/v2\/posts\/90801\/revisions\/90803"}],"wp:featuredmedia":[{"embeddable":true,"href":"https:\/\/www.egemtv.com\/index.php?rest_route=\/wp\/v2\/media\/90802"}],"wp:attachment":[{"href":"https:\/\/www.egemtv.com\/index.php?rest_route=%2Fwp%2Fv2%2Fmedia&parent=90801"}],"wp:term":[{"taxonomy":"category","embeddable":true,"href":"https:\/\/www.egemtv.com\/index.php?rest_route=%2Fwp%2Fv2%2Fcategories&post=90801"},{"taxonomy":"post_tag","embeddable":true,"href":"https:\/\/www.egemtv.com\/index.php?rest_route=%2Fwp%2Fv2%2Ftags&post=90801"}],"curies":[{"name":"wp","href":"https:\/\/api.w.org\/{rel}","templated":true}]}}