{"id":90798,"date":"2026-02-27T11:54:56","date_gmt":"2026-02-27T08:54:56","guid":{"rendered":"https:\/\/www.egemtv.com\/?p=90798"},"modified":"2026-02-27T11:54:58","modified_gmt":"2026-02-27T08:54:58","slug":"efelerde-mahallece-iftardayiz-programi-vatandaslari-bulusturdu","status":"publish","type":"post","link":"https:\/\/www.egemtv.com\/?p=90798","title":{"rendered":"Efeler\u2019de \u2019Mahallece \u0130ftarday\u0131z\u2019 program\u0131 vatanda\u015flar\u0131 bulu\u015fturdu"},"content":{"rendered":"<p>Ayd\u0131n\u2019\u0131n Efeler il\u00e7esine ba\u011fl\u0131 Umurlu A\u015fa\u011f\u0131 Kayac\u0131k Mahallesi\u2019nde, Efeler \u0130l\u00e7e M\u00fcft\u00fcl\u00fc\u011f\u00fc Gen\u00e7lik Koordinat\u00f6rl\u00fc\u011f\u00fc taraf\u0131ndan d\u00fczenlenen \u2019Mahallece \u0130ftarday\u0131z\u2019 program\u0131nda mahalle sakinleri ayn\u0131 sofrada bulu\u015ftu.<\/p>\n<p>A\u015fa\u011f\u0131 Kayac\u0131k Mahalle Muhtarl\u0131\u011f\u0131 ve mahalle halk\u0131n\u0131n katk\u0131lar\u0131yla ger\u00e7ekle\u015ftirilen iftar program\u0131, Ramazan ay\u0131n\u0131n birlik ve beraberlik ruhunu yans\u0131tt\u0131. Ayn\u0131 sofrada bir araya gelen mahalle sakinleri, iftar\u0131n ard\u0131ndan yap\u0131lan dua ile Ramazan\u2019\u0131n manevi atmosferini birlikte ya\u015fad\u0131. Programda, Bey Camii Uzman \u0130mam Hatibi Servet Y\u0131lmaz, Umurlu Haf\u0131zl\u0131k Kur\u2019an Kursu \u00f6\u011freticileri Halil Keklikkaya ve Halit Kuru\u015f ile kurs \u00f6\u011frencileri taraf\u0131ndan Kur\u2019an-\u0131 Kerim tilaveti, ilahi ve kasideler okundu. \u0130ftar program\u0131nda konu\u015fan \u0130l\u00e7e M\u00fcft\u00fcs\u00fc Ramazan Co\u015fkun, Ramazan ay\u0131n\u0131n manevi \u00f6nemine dikkat \u00e7ekerek birlik ve beraberlik mesaj\u0131 verdi. Program, Gen\u00e7lik Koordinat\u00f6r\u00fc Ahmet Can\u2019\u0131n k\u0131ld\u0131rd\u0131\u011f\u0131 yats\u0131 ve teravih namaz\u0131n\u0131n ard\u0131ndan sona erdi.<\/p>\n<p>Mahalle kahvehanesinde \u00e7ay e\u015fli\u011finde devam eden sohbetlerde ise vatanda\u015flar Ramazan\u2019\u0131n payla\u015fma ve dayan\u0131\u015fma ruhunu ya\u015farken, program\u0131n d\u00fczenlenmesine katk\u0131 sa\u011flayan mahalle muhtar\u0131 Mehmet Ya\u015far, cami g\u00f6revlisi Mehmet Fatih Aybas ve mahalle halk\u0131na te\u015fekk\u00fcr edildi.<br \/><\/p>\n","protected":false},"excerpt":{"rendered":"<p>Ayd\u0131n\u2019\u0131n Efeler il\u00e7esine ba\u011fl\u0131 Umurlu A\u015fa\u011f\u0131 Kayac\u0131k Mahallesi\u2019nde, Efeler \u0130l\u00e7e M\u00fcft\u00fcl\u00fc\u011f\u00fc Gen\u00e7lik Koordinat\u00f6rl\u00fc\u011f\u00fc taraf\u0131ndan d\u00fczenlenen \u2019Mahallece \u0130ftarday\u0131z\u2019 program\u0131nda mahalle sakinleri ayn\u0131 sofrada bulu\u015ftu. A\u015fa\u011f\u0131 Kayac\u0131k Mahalle Muhtarl\u0131\u011f\u0131 ve mahalle halk\u0131n\u0131n katk\u0131lar\u0131yla ger\u00e7ekle\u015ftirilen iftar program\u0131, Ramazan ay\u0131n\u0131n birlik ve beraberlik ruhunu yans\u0131tt\u0131. Ayn\u0131 sofrada bir araya gelen mahalle sakinleri, iftar\u0131n ard\u0131ndan yap\u0131lan dua ile Ramazan\u2019\u0131n manevi&#8230;<\/p>\n","protected":false},"author":1,"featured_media":90799,"comment_status":"open","ping_status":"open","sticky":false,"template":"","format":"standard","meta":{"_crdt_document":"","footnotes":""},"categories":[1],"tags":[],"class_list":["post-90798","post","type-post","status-publish","format-standard","has-post-thumbnail","hentry","category-guncel"],"_links":{"self":[{"href":"https:\/\/www.egemtv.com\/index.php?rest_route=\/wp\/v2\/posts\/90798","targetHints":{"allow":["GET"]}}],"collection":[{"href":"https:\/\/www.egemtv.com\/index.php?rest_route=\/wp\/v2\/posts"}],"about":[{"href":"https:\/\/www.egemtv.com\/index.php?rest_route=\/wp\/v2\/types\/post"}],"author":[{"embeddable":true,"href":"https:\/\/www.egemtv.com\/index.php?rest_route=\/wp\/v2\/users\/1"}],"replies":[{"embeddable":true,"href":"https:\/\/www.egemtv.com\/index.php?rest_route=%2Fwp%2Fv2%2Fcomments&post=90798"}],"version-history":[{"count":1,"href":"https:\/\/www.egemtv.com\/index.php?rest_route=\/wp\/v2\/posts\/90798\/revisions"}],"predecessor-version":[{"id":90800,"href":"https:\/\/www.egemtv.com\/index.php?rest_route=\/wp\/v2\/posts\/90798\/revisions\/90800"}],"wp:featuredmedia":[{"embeddable":true,"href":"https:\/\/www.egemtv.com\/index.php?rest_route=\/wp\/v2\/media\/90799"}],"wp:attachment":[{"href":"https:\/\/www.egemtv.com\/index.php?rest_route=%2Fwp%2Fv2%2Fmedia&parent=90798"}],"wp:term":[{"taxonomy":"category","embeddable":true,"href":"https:\/\/www.egemtv.com\/index.php?rest_route=%2Fwp%2Fv2%2Fcategories&post=90798"},{"taxonomy":"post_tag","embeddable":true,"href":"https:\/\/www.egemtv.com\/index.php?rest_route=%2Fwp%2Fv2%2Ftags&post=90798"}],"curies":[{"name":"wp","href":"https:\/\/api.w.org\/{rel}","templated":true}]}}