{"id":90795,"date":"2026-02-27T11:54:55","date_gmt":"2026-02-27T08:54:55","guid":{"rendered":"https:\/\/www.egemtv.com\/?p=90795"},"modified":"2026-02-27T11:54:56","modified_gmt":"2026-02-27T08:54:56","slug":"aydin-buyuksehir-belediyesinden-cocuklara-tiyatro-soleni","status":"publish","type":"post","link":"https:\/\/www.egemtv.com\/?p=90795","title":{"rendered":"Ayd\u0131n B\u00fcy\u00fck\u015fehir Belediyesi\u2019nden \u00e7ocuklara tiyatro \u015f\u00f6leni"},"content":{"rendered":"<p>Ayd\u0131n B\u00fcy\u00fck\u015fehir Belediyesi \u015eehir Tiyatrolar\u0131\u2019n\u0131n \u2019M\u00fczisyenler \u00c7etesi\u2019 oyunu, \u00d6zlem \u00c7er\u00e7io\u011flu\u2019nun \u00e7ocuklara y\u00f6nelik k\u00fclt\u00fcr-sanat vizyonu do\u011frultusunda il\u00e7elerde sahnelenmeye ba\u015flad\u0131; ilk g\u00f6sterim Yenipazar\u2019da y\u00fczlerce \u00e7ocu\u011fun kat\u0131l\u0131m\u0131yla ger\u00e7ekle\u015fti.<\/p>\n<p>Ayd\u0131n B\u00fcy\u00fck\u015fehir Belediyesi taraf\u0131ndan d\u00fczenlenen k\u00fclt\u00fcr ve sanat etkinlikleri, kentin d\u00f6rt bir yan\u0131nda her ya\u015ftan Ayd\u0131nl\u0131 ile bulu\u015fmaya devam ediyor. Ayd\u0131n B\u00fcy\u00fck\u015fehir Belediye Ba\u015fkan\u0131 \u00d6zlem \u00c7er\u00e7io\u011flu\u2019nun \u00e7ocuklar\u0131n k\u00fclt\u00fcrel ve sanatsal geli\u015fimine verdi\u011fi \u00f6nem do\u011frultusunda ger\u00e7ekle\u015ftirilen etkinlikler, minik izleyicilerden yo\u011fun ilgi g\u00f6r\u00fcyor.<\/p>\n<p>Ayd\u0131n B\u00fcy\u00fck\u015fehir Belediyesi \u015eehir Tiyatrolar\u0131, sevilen \u00e7ocuk oyunu \u2019M\u00fczisyenler \u00c7etesi\u2019 ile bu kez il\u00e7elerde perdelerini a\u00e7\u0131yor. Renkli sahneleri ve e\u011flenceli anlat\u0131m\u0131yla dikkat \u00e7eken oyun, Ayd\u0131n\u2019\u0131n farkl\u0131 noktalar\u0131nda \u00e7ocuklarla bulu\u015farak tiyatroyu kentin d\u00f6rt bir yan\u0131na ta\u015f\u0131yor. G\u00f6sterilerin ilk adresi Yenipazar il\u00e7esi oldu. Atat\u00fcrk K\u00fclt\u00fcr Merkezi\u2019nde sahnelenen oyunu y\u00fczlerce \u00e7ocuk izledi. Salonu dolduran minikler, tiyatronun keyfini doyas\u0131ya ya\u015farken g\u00f6steri boyunca kahkahalar eksik olmad\u0131. \u00c7ocuklar etkinlikte e\u011flenirken \u00f6\u011frenmenin mutlulu\u011funu ya\u015fad\u0131.<\/p>\n<p>Veliler ise etkinliklerden duyduklar\u0131 memnuniyeti dile getirerek Ayd\u0131n B\u00fcy\u00fck\u015fehir Belediye Ba\u015fkan\u0131 \u00d6zlem \u00c7er\u00e7io\u011flu\u2019na te\u015fekk\u00fcr etti.<\/p>\n<p>\u2019M\u00fczisyenler \u00c7etesi\u2019 oyunu; 27 \u015eubat Cuma g\u00fcn\u00fc Ko\u00e7arl\u0131\u2019da, 5 Mart Per\u015fembe g\u00fcn\u00fc \u0130ncirliova\u2019da, 6 Mart Cuma g\u00fcn\u00fc K\u00f6\u015fk\u2019te, 12 Mart Per\u015fembe g\u00fcn\u00fc Sultanhisar\u2019\u0131n At\u00e7a Mahallesi\u2019nde, 13 Mart Cuma g\u00fcn\u00fc Buharkent\u2019te, 3 Nisan Cuma g\u00fcn\u00fc Nazilli\u2019de ve 10 Nisan Cuma g\u00fcn\u00fc Didim\u2019de sahnelenecek. Ba\u015fkan \u00c7er\u00e7io\u011flu, t\u00fcm \u00e7ocuklar\u0131 ve aileleri tiyatro g\u00f6sterimlerine davet etti.<br \/><\/p>\n","protected":false},"excerpt":{"rendered":"<p>Ayd\u0131n B\u00fcy\u00fck\u015fehir Belediyesi \u015eehir Tiyatrolar\u0131\u2019n\u0131n \u2019M\u00fczisyenler \u00c7etesi\u2019 oyunu, \u00d6zlem \u00c7er\u00e7io\u011flu\u2019nun \u00e7ocuklara y\u00f6nelik k\u00fclt\u00fcr-sanat vizyonu do\u011frultusunda il\u00e7elerde sahnelenmeye ba\u015flad\u0131; ilk g\u00f6sterim Yenipazar\u2019da y\u00fczlerce \u00e7ocu\u011fun kat\u0131l\u0131m\u0131yla ger\u00e7ekle\u015fti. Ayd\u0131n B\u00fcy\u00fck\u015fehir Belediyesi taraf\u0131ndan d\u00fczenlenen k\u00fclt\u00fcr ve sanat etkinlikleri, kentin d\u00f6rt bir yan\u0131nda her ya\u015ftan Ayd\u0131nl\u0131 ile bulu\u015fmaya devam ediyor. Ayd\u0131n B\u00fcy\u00fck\u015fehir Belediye Ba\u015fkan\u0131 \u00d6zlem \u00c7er\u00e7io\u011flu\u2019nun \u00e7ocuklar\u0131n k\u00fclt\u00fcrel ve sanatsal&#8230;<\/p>\n","protected":false},"author":1,"featured_media":90796,"comment_status":"open","ping_status":"open","sticky":false,"template":"","format":"standard","meta":{"_crdt_document":"","footnotes":""},"categories":[1],"tags":[],"class_list":["post-90795","post","type-post","status-publish","format-standard","has-post-thumbnail","hentry","category-guncel"],"_links":{"self":[{"href":"https:\/\/www.egemtv.com\/index.php?rest_route=\/wp\/v2\/posts\/90795","targetHints":{"allow":["GET"]}}],"collection":[{"href":"https:\/\/www.egemtv.com\/index.php?rest_route=\/wp\/v2\/posts"}],"about":[{"href":"https:\/\/www.egemtv.com\/index.php?rest_route=\/wp\/v2\/types\/post"}],"author":[{"embeddable":true,"href":"https:\/\/www.egemtv.com\/index.php?rest_route=\/wp\/v2\/users\/1"}],"replies":[{"embeddable":true,"href":"https:\/\/www.egemtv.com\/index.php?rest_route=%2Fwp%2Fv2%2Fcomments&post=90795"}],"version-history":[{"count":1,"href":"https:\/\/www.egemtv.com\/index.php?rest_route=\/wp\/v2\/posts\/90795\/revisions"}],"predecessor-version":[{"id":90797,"href":"https:\/\/www.egemtv.com\/index.php?rest_route=\/wp\/v2\/posts\/90795\/revisions\/90797"}],"wp:featuredmedia":[{"embeddable":true,"href":"https:\/\/www.egemtv.com\/index.php?rest_route=\/wp\/v2\/media\/90796"}],"wp:attachment":[{"href":"https:\/\/www.egemtv.com\/index.php?rest_route=%2Fwp%2Fv2%2Fmedia&parent=90795"}],"wp:term":[{"taxonomy":"category","embeddable":true,"href":"https:\/\/www.egemtv.com\/index.php?rest_route=%2Fwp%2Fv2%2Fcategories&post=90795"},{"taxonomy":"post_tag","embeddable":true,"href":"https:\/\/www.egemtv.com\/index.php?rest_route=%2Fwp%2Fv2%2Ftags&post=90795"}],"curies":[{"name":"wp","href":"https:\/\/api.w.org\/{rel}","templated":true}]}}