{"id":90708,"date":"2026-02-26T21:15:03","date_gmt":"2026-02-26T18:15:03","guid":{"rendered":"https:\/\/www.egemtv.com\/?p=90708"},"modified":"2026-02-26T21:15:04","modified_gmt":"2026-02-26T18:15:04","slug":"nazilli-agiz-ve-dis-sagligi-poliklinigine-vatandaslardan-yogun-ilgi","status":"publish","type":"post","link":"https:\/\/www.egemtv.com\/?p=90708","title":{"rendered":"Nazilli A\u011f\u0131z ve Di\u015f Sa\u011fl\u0131\u011f\u0131 Poliklini\u011fi\u2019ne vatanda\u015flardan yo\u011fun ilgi"},"content":{"rendered":"<p>Ayd\u0131n B\u00fcy\u00fck\u015fehir Belediyesi taraf\u0131ndan Nazilli\u2019de hizmete sunulan A\u011f\u0131z ve Di\u015f Sa\u011fl\u0131\u011f\u0131 Poliklini\u011fi, k\u0131sa s\u00fcrede b\u00f6lge halk\u0131n\u0131n yo\u011fun ilgisini g\u00f6rd\u00fc.<br \/>\n<br \/>A\u00e7\u0131ld\u0131\u011f\u0131 g\u00fcnden bu yana, 1 ayda bin hastan\u0131n tedavisinin ger\u00e7ekle\u015ftirildi\u011fi poliklinik, kentte sa\u011fl\u0131k alan\u0131ndaki yat\u0131r\u0131mlar\u0131n somut \u00f6rneklerinden biri olarak \u00f6ne \u00e7\u0131k\u0131yor.<br \/>\n<br \/>Ayd\u0131n B\u00fcy\u00fck\u015fehir Belediye Ba\u015fkan\u0131 \u00d6zlem \u00c7er\u00e7io\u011flu\u2019nun \u00f6nc\u00fcl\u00fc\u011f\u00fcnde hayata ge\u00e7irilen poliklinik, \u00f6zellikle dar gelirli vatanda\u015flar\u0131n a\u011f\u0131z ve di\u015f sa\u011fl\u0131\u011f\u0131 hizmetlerine eri\u015fimini kolayla\u015ft\u0131rd\u0131. Modern donan\u0131m\u0131 ve alan\u0131nda uzman kadrosuyla hizmet veren yat\u0131r\u0131mda muayene ve \u00e7e\u015fitli tedaviler titizlikle uygulan\u0131yor.<br \/>\n<br \/>Ba\u015fkan \u00c7er\u00e7io\u011flu\u2019nun sosyal belediyecilik anlay\u0131\u015f\u0131 do\u011frultusunda kente kazand\u0131r\u0131lan sa\u011fl\u0131k yat\u0131r\u0131mlar\u0131, vatanda\u015flar\u0131n ya\u015fam kalitesini art\u0131rmaya devam ediyor.<br \/>\n<br \/>Vatanda\u015flar, sunulan hizmetlerden duyduklar\u0131 memnuniyeti dile getirerek, Ba\u015fkan \u00c7er\u00e7io\u011flu\u2019na te\u015fekk\u00fcr etti.<br \/><\/p>\n","protected":false},"excerpt":{"rendered":"<p>Ayd\u0131n B\u00fcy\u00fck\u015fehir Belediyesi taraf\u0131ndan Nazilli\u2019de hizmete sunulan A\u011f\u0131z ve Di\u015f Sa\u011fl\u0131\u011f\u0131 Poliklini\u011fi, k\u0131sa s\u00fcrede b\u00f6lge halk\u0131n\u0131n yo\u011fun ilgisini g\u00f6rd\u00fc. A\u00e7\u0131ld\u0131\u011f\u0131 g\u00fcnden bu yana, 1 ayda bin hastan\u0131n tedavisinin ger\u00e7ekle\u015ftirildi\u011fi poliklinik, kentte sa\u011fl\u0131k alan\u0131ndaki yat\u0131r\u0131mlar\u0131n somut \u00f6rneklerinden biri olarak \u00f6ne \u00e7\u0131k\u0131yor. Ayd\u0131n B\u00fcy\u00fck\u015fehir Belediye Ba\u015fkan\u0131 \u00d6zlem \u00c7er\u00e7io\u011flu\u2019nun \u00f6nc\u00fcl\u00fc\u011f\u00fcnde hayata ge\u00e7irilen poliklinik, \u00f6zellikle dar gelirli vatanda\u015flar\u0131n a\u011f\u0131z&#8230;<\/p>\n","protected":false},"author":1,"featured_media":90709,"comment_status":"open","ping_status":"open","sticky":false,"template":"","format":"standard","meta":{"_crdt_document":"","footnotes":""},"categories":[1],"tags":[],"class_list":["post-90708","post","type-post","status-publish","format-standard","has-post-thumbnail","hentry","category-guncel"],"_links":{"self":[{"href":"https:\/\/www.egemtv.com\/index.php?rest_route=\/wp\/v2\/posts\/90708","targetHints":{"allow":["GET"]}}],"collection":[{"href":"https:\/\/www.egemtv.com\/index.php?rest_route=\/wp\/v2\/posts"}],"about":[{"href":"https:\/\/www.egemtv.com\/index.php?rest_route=\/wp\/v2\/types\/post"}],"author":[{"embeddable":true,"href":"https:\/\/www.egemtv.com\/index.php?rest_route=\/wp\/v2\/users\/1"}],"replies":[{"embeddable":true,"href":"https:\/\/www.egemtv.com\/index.php?rest_route=%2Fwp%2Fv2%2Fcomments&post=90708"}],"version-history":[{"count":1,"href":"https:\/\/www.egemtv.com\/index.php?rest_route=\/wp\/v2\/posts\/90708\/revisions"}],"predecessor-version":[{"id":90710,"href":"https:\/\/www.egemtv.com\/index.php?rest_route=\/wp\/v2\/posts\/90708\/revisions\/90710"}],"wp:featuredmedia":[{"embeddable":true,"href":"https:\/\/www.egemtv.com\/index.php?rest_route=\/wp\/v2\/media\/90709"}],"wp:attachment":[{"href":"https:\/\/www.egemtv.com\/index.php?rest_route=%2Fwp%2Fv2%2Fmedia&parent=90708"}],"wp:term":[{"taxonomy":"category","embeddable":true,"href":"https:\/\/www.egemtv.com\/index.php?rest_route=%2Fwp%2Fv2%2Fcategories&post=90708"},{"taxonomy":"post_tag","embeddable":true,"href":"https:\/\/www.egemtv.com\/index.php?rest_route=%2Fwp%2Fv2%2Ftags&post=90708"}],"curies":[{"name":"wp","href":"https:\/\/api.w.org\/{rel}","templated":true}]}}