{"id":90705,"date":"2026-02-26T20:14:51","date_gmt":"2026-02-26T17:14:51","guid":{"rendered":"https:\/\/www.egemtv.com\/?p=90705"},"modified":"2026-02-26T20:14:51","modified_gmt":"2026-02-26T17:14:51","slug":"bodrumda-akran-zorbaligi-cocugu-feci-sekilde-darbederek-bayiltti","status":"publish","type":"post","link":"https:\/\/www.egemtv.com\/?p=90705","title":{"rendered":"Bodrum\u2019da akran zorbal\u0131\u011f\u0131: \u00c7ocu\u011fu feci \u015fekilde darbederek bay\u0131ltt\u0131"},"content":{"rendered":"<p>Mu\u011fla\u2019n\u0131n Bodrum il\u00e7esinde bir \u00e7ocu\u011fun ba\u015fka bir \u00e7ocu\u011fu feci \u015fekilde darbederek bay\u0131ltt\u0131\u011f\u0131 olayla ilgili 2 ki\u015fi g\u00f6zalt\u0131na al\u0131nd\u0131.<br \/>\n<br \/>Olay, 7 Ocak\u2019ta Turgutreis Hay\u0131rl\u0131 Sabanc\u0131 Anadolu Lisesi yan\u0131ndaki parkta ya\u015fand\u0131. Cep telefonu kameralar\u0131na yans\u0131yan g\u00f6r\u00fcnt\u00fclerde kimlikleri hen\u00fcz \u00f6\u011frenilemeyen 15 -16 ya\u015flar\u0131ndaki iki \u00e7ocuk aras\u0131nda arbede ya\u015fand\u0131\u011f\u0131, \u00e7ocuklardan birinin kendisinden fizik olarak daha zay\u0131f g\u00f6r\u00fcnen \u00e7ocu\u011fa sald\u0131rd\u0131\u011f\u0131 g\u00f6r\u00fcld\u00fc. \u00c7ocu\u011fa yumruk ve tekme at\u0131p hem de g\u00fclen sald\u0131rgan \u00e7ocu\u011fa kenardaki arkada\u015flar\u0131n\u0131n da &#8220;devam devam&#8221; dedi\u011fi g\u00f6r\u00fcnt\u00fclerde yer ald\u0131. Ald\u0131\u011f\u0131 darbelerle \u00e7ocuk bir s\u00fcre y\u00fcr\u00fcd\u00fckten sonra yol ortas\u0131na d\u00fc\u015ft\u00fc.<br \/>\n<br \/>Olaya ili\u015fkin g\u00f6r\u00fcnt\u00fclerin sosyal medyaya d\u00fc\u015fmesinin ard\u0131ndan Bodrum Cumhuriyet Ba\u015fsavc\u0131l\u0131\u011f\u0131 soru\u015fturma ba\u015flatt\u0131. Soru\u015fturma kapsam\u0131nda 2 ki\u015finin g\u00f6zalt\u0131na al\u0131nd\u0131\u011f\u0131 bildirildi.<br \/>\n<br \/>Bodrum Kaymakaml\u0131\u011f\u0131\u2019ndan yap\u0131lan a\u00e7\u0131klamada, &#8220;Mu\u011fla ili, Bodrum il\u00e7esinde 25 \u015eubat 2026 \u00c7ar\u015famba g\u00fcn\u00fc \u00e7e\u015fitli yerel bas\u0131n-yay\u0131n ve sosyal medya kurulu\u015flar\u0131nda yay\u0131nlanan haber ve g\u00f6r\u00fcnt\u00fclerde, bir \u00e7ocu\u011fun akran zorbal\u0131\u011f\u0131na u\u011frad\u0131\u011f\u0131 ve darp edildi\u011fi iddias\u0131 \u00fczerine yap\u0131lan incelemelerde; olay\u0131n 7 Ocak 2026 \u00c7ar\u015famba g\u00fcn\u00fc ger\u00e7ekle\u015fti\u011fi, ayn\u0131 g\u00fcn taraflar tespit edilerek adli tahkikata ba\u015fland\u0131\u011f\u0131 ve soru\u015fturma s\u00fcrecinin devam etti\u011fi anla\u015f\u0131lm\u0131\u015ft\u0131r&#8221; denildi.<br \/><\/p>\n","protected":false},"excerpt":{"rendered":"<p>Mu\u011fla\u2019n\u0131n Bodrum il\u00e7esinde bir \u00e7ocu\u011fun ba\u015fka bir \u00e7ocu\u011fu feci \u015fekilde darbederek bay\u0131ltt\u0131\u011f\u0131 olayla ilgili 2 ki\u015fi g\u00f6zalt\u0131na al\u0131nd\u0131. Olay, 7 Ocak\u2019ta Turgutreis Hay\u0131rl\u0131 Sabanc\u0131 Anadolu Lisesi yan\u0131ndaki parkta ya\u015fand\u0131. Cep telefonu kameralar\u0131na yans\u0131yan g\u00f6r\u00fcnt\u00fclerde kimlikleri hen\u00fcz \u00f6\u011frenilemeyen 15 -16 ya\u015flar\u0131ndaki iki \u00e7ocuk aras\u0131nda arbede ya\u015fand\u0131\u011f\u0131, \u00e7ocuklardan birinin kendisinden fizik olarak daha zay\u0131f g\u00f6r\u00fcnen \u00e7ocu\u011fa sald\u0131rd\u0131\u011f\u0131&#8230;<\/p>\n","protected":false},"author":1,"featured_media":90706,"comment_status":"open","ping_status":"open","sticky":false,"template":"","format":"standard","meta":{"_crdt_document":"","footnotes":""},"categories":[5],"tags":[],"class_list":["post-90705","post","type-post","status-publish","format-standard","has-post-thumbnail","hentry","category-asayis"],"_links":{"self":[{"href":"https:\/\/www.egemtv.com\/index.php?rest_route=\/wp\/v2\/posts\/90705","targetHints":{"allow":["GET"]}}],"collection":[{"href":"https:\/\/www.egemtv.com\/index.php?rest_route=\/wp\/v2\/posts"}],"about":[{"href":"https:\/\/www.egemtv.com\/index.php?rest_route=\/wp\/v2\/types\/post"}],"author":[{"embeddable":true,"href":"https:\/\/www.egemtv.com\/index.php?rest_route=\/wp\/v2\/users\/1"}],"replies":[{"embeddable":true,"href":"https:\/\/www.egemtv.com\/index.php?rest_route=%2Fwp%2Fv2%2Fcomments&post=90705"}],"version-history":[{"count":1,"href":"https:\/\/www.egemtv.com\/index.php?rest_route=\/wp\/v2\/posts\/90705\/revisions"}],"predecessor-version":[{"id":90707,"href":"https:\/\/www.egemtv.com\/index.php?rest_route=\/wp\/v2\/posts\/90705\/revisions\/90707"}],"wp:featuredmedia":[{"embeddable":true,"href":"https:\/\/www.egemtv.com\/index.php?rest_route=\/wp\/v2\/media\/90706"}],"wp:attachment":[{"href":"https:\/\/www.egemtv.com\/index.php?rest_route=%2Fwp%2Fv2%2Fmedia&parent=90705"}],"wp:term":[{"taxonomy":"category","embeddable":true,"href":"https:\/\/www.egemtv.com\/index.php?rest_route=%2Fwp%2Fv2%2Fcategories&post=90705"},{"taxonomy":"post_tag","embeddable":true,"href":"https:\/\/www.egemtv.com\/index.php?rest_route=%2Fwp%2Fv2%2Ftags&post=90705"}],"curies":[{"name":"wp","href":"https:\/\/api.w.org\/{rel}","templated":true}]}}