{"id":90702,"date":"2026-02-26T20:14:49","date_gmt":"2026-02-26T17:14:49","guid":{"rendered":"https:\/\/www.egemtv.com\/?p=90702"},"modified":"2026-02-26T20:14:50","modified_gmt":"2026-02-26T17:14:50","slug":"burdurda-arac-sarampole-devrildi-3-yarali","status":"publish","type":"post","link":"https:\/\/www.egemtv.com\/?p=90702","title":{"rendered":"Burdur\u2019da ara\u00e7 \u015farampole devrildi: 3 yaral\u0131"},"content":{"rendered":"<p>Burdur\u2019un Bucak il\u00e7esinde hafif ticari arac\u0131n \u015farampole devrilmesi sonucu meydana gelen trafik kazas\u0131nda 3 ki\u015fi yaraland\u0131.<br \/>\n<br \/>Kaza, saat 18.00 s\u0131ralar\u0131nda Bucak il\u00e7esi \u00c7obanp\u0131nar k\u00f6y\u00fc yak\u0131nlarda meydana geldi. Edinilen bilgiye g\u00f6re, Yakup A. (71) idaresindeki 15 PV 810 plakal\u0131 hafif ticari ara\u00e7 s\u00fcr\u00fcc\u00fcs\u00fcn\u00fcn direksiyon hakimiyetini kaybetmesi sonucu yoldan \u00e7\u0131karak \u015farampole devrildi. Kazada s\u00fcr\u00fcc\u00fc ile birlikte ara\u00e7ta yolcu konumunda bulunan Halil G. (78) ve Fatma A. (69) yaraland\u0131. Kaza ihbar\u0131 \u00fczerine adrese itfaiye, sa\u011fl\u0131k ve jandarma ekipleri sevk edildi. Yaral\u0131lar sa\u011fl\u0131k ekipleri taraf\u0131ndan yap\u0131lan ilk m\u00fcdahalenin ard\u0131ndan ambulanslarla Bucak Devlet Hastanesine kald\u0131r\u0131larak tedavi alt\u0131na al\u0131nd\u0131.<br \/>\n<br \/>Kazayla ilgili tahkikat ba\u015flat\u0131ld\u0131.<br \/><\/p>\n","protected":false},"excerpt":{"rendered":"<p>Burdur\u2019un Bucak il\u00e7esinde hafif ticari arac\u0131n \u015farampole devrilmesi sonucu meydana gelen trafik kazas\u0131nda 3 ki\u015fi yaraland\u0131. Kaza, saat 18.00 s\u0131ralar\u0131nda Bucak il\u00e7esi \u00c7obanp\u0131nar k\u00f6y\u00fc yak\u0131nlarda meydana geldi. Edinilen bilgiye g\u00f6re, Yakup A. (71) idaresindeki 15 PV 810 plakal\u0131 hafif ticari ara\u00e7 s\u00fcr\u00fcc\u00fcs\u00fcn\u00fcn direksiyon hakimiyetini kaybetmesi sonucu yoldan \u00e7\u0131karak \u015farampole devrildi. Kazada s\u00fcr\u00fcc\u00fc ile birlikte ara\u00e7ta&#8230;<\/p>\n","protected":false},"author":1,"featured_media":90703,"comment_status":"open","ping_status":"open","sticky":false,"template":"","format":"standard","meta":{"_crdt_document":"","footnotes":""},"categories":[5],"tags":[],"class_list":["post-90702","post","type-post","status-publish","format-standard","has-post-thumbnail","hentry","category-asayis"],"_links":{"self":[{"href":"https:\/\/www.egemtv.com\/index.php?rest_route=\/wp\/v2\/posts\/90702","targetHints":{"allow":["GET"]}}],"collection":[{"href":"https:\/\/www.egemtv.com\/index.php?rest_route=\/wp\/v2\/posts"}],"about":[{"href":"https:\/\/www.egemtv.com\/index.php?rest_route=\/wp\/v2\/types\/post"}],"author":[{"embeddable":true,"href":"https:\/\/www.egemtv.com\/index.php?rest_route=\/wp\/v2\/users\/1"}],"replies":[{"embeddable":true,"href":"https:\/\/www.egemtv.com\/index.php?rest_route=%2Fwp%2Fv2%2Fcomments&post=90702"}],"version-history":[{"count":1,"href":"https:\/\/www.egemtv.com\/index.php?rest_route=\/wp\/v2\/posts\/90702\/revisions"}],"predecessor-version":[{"id":90704,"href":"https:\/\/www.egemtv.com\/index.php?rest_route=\/wp\/v2\/posts\/90702\/revisions\/90704"}],"wp:featuredmedia":[{"embeddable":true,"href":"https:\/\/www.egemtv.com\/index.php?rest_route=\/wp\/v2\/media\/90703"}],"wp:attachment":[{"href":"https:\/\/www.egemtv.com\/index.php?rest_route=%2Fwp%2Fv2%2Fmedia&parent=90702"}],"wp:term":[{"taxonomy":"category","embeddable":true,"href":"https:\/\/www.egemtv.com\/index.php?rest_route=%2Fwp%2Fv2%2Fcategories&post=90702"},{"taxonomy":"post_tag","embeddable":true,"href":"https:\/\/www.egemtv.com\/index.php?rest_route=%2Fwp%2Fv2%2Ftags&post=90702"}],"curies":[{"name":"wp","href":"https:\/\/api.w.org\/{rel}","templated":true}]}}