{"id":90699,"date":"2026-02-26T20:14:48","date_gmt":"2026-02-26T17:14:48","guid":{"rendered":"https:\/\/www.egemtv.com\/?p=90699"},"modified":"2026-02-26T20:14:49","modified_gmt":"2026-02-26T17:14:49","slug":"baskan-kaya-gul-ciftine-kayitsiz-kalmadi","status":"publish","type":"post","link":"https:\/\/www.egemtv.com\/?p=90699","title":{"rendered":"Ba\u015fkan Kaya, G\u00fcl \u00e7iftine kay\u0131ts\u0131z kalmad\u0131"},"content":{"rendered":"<p>Ayd\u0131n\u2019\u0131n \u0130ncirliova il\u00e7esinde sa\u011fl\u0131ks\u0131z bir ortamda ya\u015fayan ya\u015fl\u0131 \u00e7ifte hay\u0131rseverlerin de deste\u011fi ile \u0130ncirliova Belediye Ba\u015fkan\u0131 Aytekin Kaya sahip \u00e7\u0131kt\u0131.<br \/>\n<br \/>\u0130ncirliova Belediye Ba\u015fkan\u0131 Aytekin Kaya yapt\u0131\u011f\u0131 a\u00e7\u0131klamada, &#8220;Gerenkova Mahallemizde ya\u015fayan ve k\u00f6t\u00fc durumdaki evlerinin sosyal medyada yay\u0131nlanan g\u00f6r\u00fcnt\u00fcs\u00fc ile g\u00fcndeme gelen y\u00fczde elli g\u00f6rme engelli hem\u015fehrimiz (64) Musa G\u00fcl ve de\u011ferli e\u015fi (63) G\u00fclizar G\u00fcl\u2019\u00fcn sa\u011fl\u0131ks\u0131z durumdaki evlerini; hay\u0131rsever vatanda\u015flar\u0131m\u0131z\u0131n da destekleriyle k\u0131sa s\u00fcrede yenileyerek sa\u011fl\u0131kl\u0131 ve g\u00fcvenli bir ya\u015fam alan\u0131na d\u00f6n\u00fc\u015ft\u00fcrd\u00fck. Ayr\u0131ca G\u00fcl ailemizin kullan\u0131lamayacak durumda olan e\u015fyalar\u0131n\u0131 yenileriyle de\u011fi\u015ftirerek kendilerine teslim ettik. Sosyal Hizmetler Birimimiz ailemizi ziyaret etmeye, kendilerine destek olmaya devam edecek. \u0130l\u00e7emizde yaln\u0131zca fiziki belediyecilik hizmetleri y\u00fcr\u00fctm\u00fcyor; sosyal belediyecilik anlay\u0131\u015f\u0131m\u0131z do\u011frultusunda, hay\u0131rsever vatanda\u015flar\u0131m\u0131z\u0131n da katk\u0131lar\u0131yla ihtiya\u00e7 sahibi hem\u015fehrilerimizin her zaman yan\u0131nda olmay\u0131 s\u00fcrd\u00fcr\u00fcyoruz. G\u00fcl ailemize yeni yuvalar\u0131nda sa\u011fl\u0131k, huzur ve mutluluk i\u00e7inde uzun \u00f6m\u00fcrler diliyor; bu anlaml\u0131 dayan\u0131\u015fmaya katk\u0131 sunan t\u00fcm hay\u0131rsever vatanda\u015flar\u0131m\u0131za ve Sosyal Hizmetler Ekiplerimize g\u00f6n\u00fclden te\u015fekk\u00fcr ediyorum&#8221; dedi.<br \/><\/p>\n","protected":false},"excerpt":{"rendered":"<p>Ayd\u0131n\u2019\u0131n \u0130ncirliova il\u00e7esinde sa\u011fl\u0131ks\u0131z bir ortamda ya\u015fayan ya\u015fl\u0131 \u00e7ifte hay\u0131rseverlerin de deste\u011fi ile \u0130ncirliova Belediye Ba\u015fkan\u0131 Aytekin Kaya sahip \u00e7\u0131kt\u0131. \u0130ncirliova Belediye Ba\u015fkan\u0131 Aytekin Kaya yapt\u0131\u011f\u0131 a\u00e7\u0131klamada, &#8220;Gerenkova Mahallemizde ya\u015fayan ve k\u00f6t\u00fc durumdaki evlerinin sosyal medyada yay\u0131nlanan g\u00f6r\u00fcnt\u00fcs\u00fc ile g\u00fcndeme gelen y\u00fczde elli g\u00f6rme engelli hem\u015fehrimiz (64) Musa G\u00fcl ve de\u011ferli e\u015fi (63) G\u00fclizar G\u00fcl\u2019\u00fcn&#8230;<\/p>\n","protected":false},"author":1,"featured_media":90700,"comment_status":"open","ping_status":"open","sticky":false,"template":"","format":"standard","meta":{"_crdt_document":"","footnotes":""},"categories":[1],"tags":[],"class_list":["post-90699","post","type-post","status-publish","format-standard","has-post-thumbnail","hentry","category-guncel"],"_links":{"self":[{"href":"https:\/\/www.egemtv.com\/index.php?rest_route=\/wp\/v2\/posts\/90699","targetHints":{"allow":["GET"]}}],"collection":[{"href":"https:\/\/www.egemtv.com\/index.php?rest_route=\/wp\/v2\/posts"}],"about":[{"href":"https:\/\/www.egemtv.com\/index.php?rest_route=\/wp\/v2\/types\/post"}],"author":[{"embeddable":true,"href":"https:\/\/www.egemtv.com\/index.php?rest_route=\/wp\/v2\/users\/1"}],"replies":[{"embeddable":true,"href":"https:\/\/www.egemtv.com\/index.php?rest_route=%2Fwp%2Fv2%2Fcomments&post=90699"}],"version-history":[{"count":1,"href":"https:\/\/www.egemtv.com\/index.php?rest_route=\/wp\/v2\/posts\/90699\/revisions"}],"predecessor-version":[{"id":90701,"href":"https:\/\/www.egemtv.com\/index.php?rest_route=\/wp\/v2\/posts\/90699\/revisions\/90701"}],"wp:featuredmedia":[{"embeddable":true,"href":"https:\/\/www.egemtv.com\/index.php?rest_route=\/wp\/v2\/media\/90700"}],"wp:attachment":[{"href":"https:\/\/www.egemtv.com\/index.php?rest_route=%2Fwp%2Fv2%2Fmedia&parent=90699"}],"wp:term":[{"taxonomy":"category","embeddable":true,"href":"https:\/\/www.egemtv.com\/index.php?rest_route=%2Fwp%2Fv2%2Fcategories&post=90699"},{"taxonomy":"post_tag","embeddable":true,"href":"https:\/\/www.egemtv.com\/index.php?rest_route=%2Fwp%2Fv2%2Ftags&post=90699"}],"curies":[{"name":"wp","href":"https:\/\/api.w.org\/{rel}","templated":true}]}}