{"id":90693,"date":"2026-02-26T19:55:06","date_gmt":"2026-02-26T16:55:06","guid":{"rendered":"https:\/\/www.egemtv.com\/?p=90693"},"modified":"2026-02-26T19:55:07","modified_gmt":"2026-02-26T16:55:07","slug":"bornova-mtalde-geleneksel-iftar-sofrasi-kuruldu","status":"publish","type":"post","link":"https:\/\/www.egemtv.com\/?p=90693","title":{"rendered":"Bornova MTAL\u2019de geleneksel iftar sofras\u0131 kuruldu"},"content":{"rendered":"<p>Bornova Mesleki ve Teknik Anadolu Lisesi\u2019nde Ramazan ay\u0131 dolay\u0131s\u0131yla d\u00fczenlenen iftar programlar\u0131n\u0131n ikincisi ger\u00e7ekle\u015ftirildi. Okul y\u00f6netimi, \u00f6\u011fretmenler ve personelin katk\u0131lar\u0131yla haz\u0131rlanan programda yakla\u015f\u0131k 120 ki\u015fiye iftar yeme\u011fi verildi.<br \/>\n<br \/>Bornova Mesleki ve Teknik Anadolu Lisesi, Ramazan ay\u0131n\u0131n yard\u0131mla\u015fma ve dayan\u0131\u015fma ruhunu d\u00fczenlenen iftar organizasyonu ile s\u00fcrd\u00fcr\u00fcyor. Okul M\u00fcd\u00fcr\u00fc Adnan U\u00e7ar, M\u00fcd\u00fcr Yard\u0131mc\u0131lar\u0131 \u0130brahim Kuz, Arzu Dostel ve Belgin Sa\u011fl\u0131k\u2019\u0131n koordinesinde d\u00fczenlenen ikinci iftar program\u0131nda, okul personeli ve \u00f6\u011frencileri bir araya geldi.<\/p>\n<p>\u00d6\u011frenciler mutfakta g\u00f6rev ald\u0131<br \/>\n<br \/>Yiyecek \u0130\u00e7ecek Hizmetleri Alan\u0131 \u00f6\u011fretmenleri \u015e\u00fckran U\u00e7ar, Suzan Bilgehan Karaaslan, Havva Yeni, Elvan \u00d6ner ve G\u0131da Teknolojileri \u00d6\u011fretmeni \u00d6zg\u00fcr Ko\u00e7\u2019un rehberli\u011finde haz\u0131rlanan yemeklerde \u00f6\u011frenciler aktif rol ald\u0131. 12\/F s\u0131n\u0131f\u0131 \u00f6\u011frencileri Mustafa Aslan ve Egemen Kokulu ile 11\/E s\u0131n\u0131f\u0131 \u00f6\u011frencisi Can Bab\u00fcr, iftar men\u00fcs\u00fcn\u00fcn haz\u0131rlanma s\u00fcrecini \u00f6\u011fretmenleriyle birlikte y\u00fcr\u00fctt\u00fc.<\/p>\n<p>Haftal\u0131k \u00e7orba ikram\u0131 ba\u015fl\u0131yor<br \/>\n<br \/>Yakla\u015f\u0131k 100-120 ki\u015filik haz\u0131rlanan men\u00fcde; mercimek \u00e7orbas\u0131, nohutlu pirin\u00e7 pilav\u0131 \u00fczeri tavuk, ayran ve baklava ikram edildi. Okul y\u00f6netimi taraf\u0131ndan yap\u0131lan a\u00e7\u0131klamada, iftar programlar\u0131n\u0131n yan\u0131 s\u0131ra Ramazan ay\u0131 boyunca haftada bir g\u00fcn okul kap\u0131s\u0131 \u00f6n\u00fcnde vatanda\u015flara ve \u00f6\u011frencilere y\u00f6nelik \u00e7orba ikram\u0131 yap\u0131laca\u011f\u0131 bildirildi.<br \/>\n<br \/>Kat\u0131l\u0131mc\u0131lar\u0131n yo\u011fun ilgi g\u00f6sterdi\u011fi organizasyon, toplu iftar yeme\u011finin ard\u0131ndan sona erdi.<br \/><\/p>\n","protected":false},"excerpt":{"rendered":"<p>Bornova Mesleki ve Teknik Anadolu Lisesi\u2019nde Ramazan ay\u0131 dolay\u0131s\u0131yla d\u00fczenlenen iftar programlar\u0131n\u0131n ikincisi ger\u00e7ekle\u015ftirildi. Okul y\u00f6netimi, \u00f6\u011fretmenler ve personelin katk\u0131lar\u0131yla haz\u0131rlanan programda yakla\u015f\u0131k 120 ki\u015fiye iftar yeme\u011fi verildi. Bornova Mesleki ve Teknik Anadolu Lisesi, Ramazan ay\u0131n\u0131n yard\u0131mla\u015fma ve dayan\u0131\u015fma ruhunu d\u00fczenlenen iftar organizasyonu ile s\u00fcrd\u00fcr\u00fcyor. Okul M\u00fcd\u00fcr\u00fc Adnan U\u00e7ar, M\u00fcd\u00fcr Yard\u0131mc\u0131lar\u0131 \u0130brahim Kuz, Arzu Dostel&#8230;<\/p>\n","protected":false},"author":1,"featured_media":90694,"comment_status":"open","ping_status":"open","sticky":false,"template":"","format":"standard","meta":{"_crdt_document":"","footnotes":""},"categories":[1],"tags":[],"class_list":["post-90693","post","type-post","status-publish","format-standard","has-post-thumbnail","hentry","category-guncel"],"_links":{"self":[{"href":"https:\/\/www.egemtv.com\/index.php?rest_route=\/wp\/v2\/posts\/90693","targetHints":{"allow":["GET"]}}],"collection":[{"href":"https:\/\/www.egemtv.com\/index.php?rest_route=\/wp\/v2\/posts"}],"about":[{"href":"https:\/\/www.egemtv.com\/index.php?rest_route=\/wp\/v2\/types\/post"}],"author":[{"embeddable":true,"href":"https:\/\/www.egemtv.com\/index.php?rest_route=\/wp\/v2\/users\/1"}],"replies":[{"embeddable":true,"href":"https:\/\/www.egemtv.com\/index.php?rest_route=%2Fwp%2Fv2%2Fcomments&post=90693"}],"version-history":[{"count":1,"href":"https:\/\/www.egemtv.com\/index.php?rest_route=\/wp\/v2\/posts\/90693\/revisions"}],"predecessor-version":[{"id":90695,"href":"https:\/\/www.egemtv.com\/index.php?rest_route=\/wp\/v2\/posts\/90693\/revisions\/90695"}],"wp:featuredmedia":[{"embeddable":true,"href":"https:\/\/www.egemtv.com\/index.php?rest_route=\/wp\/v2\/media\/90694"}],"wp:attachment":[{"href":"https:\/\/www.egemtv.com\/index.php?rest_route=%2Fwp%2Fv2%2Fmedia&parent=90693"}],"wp:term":[{"taxonomy":"category","embeddable":true,"href":"https:\/\/www.egemtv.com\/index.php?rest_route=%2Fwp%2Fv2%2Fcategories&post=90693"},{"taxonomy":"post_tag","embeddable":true,"href":"https:\/\/www.egemtv.com\/index.php?rest_route=%2Fwp%2Fv2%2Ftags&post=90693"}],"curies":[{"name":"wp","href":"https:\/\/api.w.org\/{rel}","templated":true}]}}