{"id":90690,"date":"2026-02-26T18:54:50","date_gmt":"2026-02-26T15:54:50","guid":{"rendered":"https:\/\/www.egemtv.com\/?p=90690"},"modified":"2026-02-26T18:54:50","modified_gmt":"2026-02-26T15:54:50","slug":"alasehirde-bir-gunde-4-mevsim-yasandi","status":"publish","type":"post","link":"https:\/\/www.egemtv.com\/?p=90690","title":{"rendered":"Ala\u015fehir\u2019de bir g\u00fcnde 4 mevsim ya\u015fand\u0131"},"content":{"rendered":"<p>Manisa\u2019n\u0131n Ala\u015fehir il\u00e7esinde bir g\u00fcnde adeta d\u00f6rt mevsim bir arada ya\u015fand\u0131. Sabah saatlerinde y\u00fcksek kesimlerde lapa lapa kar ya\u011farken, \u00f6\u011flen g\u00fcne\u015f y\u00fcz\u00fcn\u00fc g\u00f6sterdi. Ak\u015fam\u00fcst\u00fc nohut b\u00fcy\u00fckl\u00fc\u011f\u00fcnde dolu etkili oldu, ard\u0131ndan ise ya\u011fmur ba\u015flad\u0131. Ya\u015fanan hava de\u011fi\u015fimi \u00e7ift\u00e7ilerin ve esnaf\u0131n y\u00fcz\u00fcn\u00fc g\u00fcld\u00fcrd\u00fc.<br \/>\n<br \/>Ala\u015fehir\u2019de gece saatlerinde so\u011fuyan hava, sabaha kar\u015f\u0131 y\u00fcksek kesimlerde kar ya\u011f\u0131\u015f\u0131na neden oldu. Da\u011fhac\u0131yusuf, \u00c7ar\u0131kbozda\u011f, Bah\u00e7eli, Bahad\u0131r, Kozluca ve Az\u0131tepe mahallelerinin y\u00fcksek noktalar\u0131nda etkili olan lapa lapa kar ya\u011f\u0131\u015f\u0131, zaman zaman topra\u011f\u0131 beyaza b\u00fcr\u00fcd\u00fc.<br \/>\n<br \/>\u00d6\u011fle saatlerine do\u011fru g\u00fcne\u015fli bir havaya d\u00f6nen il\u00e7e merkezinde, ak\u015fam\u00fcst\u00fc bu kez yakla\u015f\u0131k 1-2 dakika s\u00fcren ve nohut b\u00fcy\u00fckl\u00fc\u011f\u00fcnde ya\u011fan dolu k\u0131sa s\u00fcreli \u015fa\u015fk\u0131nl\u0131k ya\u015fatt\u0131. Dolu ya\u011f\u0131\u015f\u0131n\u0131n ard\u0131ndan ise ya\u011fmur etkili oldu.<br \/>\n<br \/>Hava de\u011fi\u015fimlerini anbean ya\u015fad\u0131klar\u0131n\u0131 belirten Ala\u015fehirli esnaf Halil Okumu\u015f, &#8220;Sabah kalkt\u0131\u011f\u0131m\u0131zda y\u00fcksek kesimlerde lapa lapa kar ya\u011fd\u0131\u011f\u0131n\u0131 sosyal medyadan g\u00f6rd\u00fck. \u00d6\u011flen \u00fczeri \u015fehir merkezimize ve \u00e7evresine yakla\u015f\u0131k 1-2 dakika nohut b\u00fcy\u00fckl\u00fc\u011f\u00fcnde dolu ya\u011f\u0131\u015f\u0131 oldu. Arkas\u0131ndan da ya\u011fmur ya\u011fmaya ba\u015flad\u0131. \u0130n\u015fallah bu sene bolluk ve bereket y\u0131l\u0131 olacak. Barajlar\u0131m\u0131z doldu, topra\u011f\u0131m\u0131z suya doyacak. \u00c7ift\u00e7ilerimiz mutlu olursa esnaf\u0131m\u0131z da mutlu olur&#8221; dedi.<br \/>\n<br \/>Bir g\u00fcnde d\u00f6rt mevsimi ya\u015fayan Ala\u015fehirliler, \u00f6zellikle ya\u011f\u0131\u015flar\u0131n tar\u0131m a\u00e7\u0131s\u0131ndan umut verici oldu\u011funu ifade ederken, il\u00e7ede etkili olan ya\u011fmurun gece saatlerinde de aral\u0131klarla devam etmesi bekleniyor.<br \/><\/p>\n","protected":false},"excerpt":{"rendered":"<p>Manisa\u2019n\u0131n Ala\u015fehir il\u00e7esinde bir g\u00fcnde adeta d\u00f6rt mevsim bir arada ya\u015fand\u0131. Sabah saatlerinde y\u00fcksek kesimlerde lapa lapa kar ya\u011farken, \u00f6\u011flen g\u00fcne\u015f y\u00fcz\u00fcn\u00fc g\u00f6sterdi. Ak\u015fam\u00fcst\u00fc nohut b\u00fcy\u00fckl\u00fc\u011f\u00fcnde dolu etkili oldu, ard\u0131ndan ise ya\u011fmur ba\u015flad\u0131. Ya\u015fanan hava de\u011fi\u015fimi \u00e7ift\u00e7ilerin ve esnaf\u0131n y\u00fcz\u00fcn\u00fc g\u00fcld\u00fcrd\u00fc. Ala\u015fehir\u2019de gece saatlerinde so\u011fuyan hava, sabaha kar\u015f\u0131 y\u00fcksek kesimlerde kar ya\u011f\u0131\u015f\u0131na neden oldu. Da\u011fhac\u0131yusuf,&#8230;<\/p>\n","protected":false},"author":1,"featured_media":90691,"comment_status":"open","ping_status":"open","sticky":false,"template":"","format":"standard","meta":{"_crdt_document":"","footnotes":""},"categories":[1],"tags":[],"class_list":["post-90690","post","type-post","status-publish","format-standard","has-post-thumbnail","hentry","category-guncel"],"_links":{"self":[{"href":"https:\/\/www.egemtv.com\/index.php?rest_route=\/wp\/v2\/posts\/90690","targetHints":{"allow":["GET"]}}],"collection":[{"href":"https:\/\/www.egemtv.com\/index.php?rest_route=\/wp\/v2\/posts"}],"about":[{"href":"https:\/\/www.egemtv.com\/index.php?rest_route=\/wp\/v2\/types\/post"}],"author":[{"embeddable":true,"href":"https:\/\/www.egemtv.com\/index.php?rest_route=\/wp\/v2\/users\/1"}],"replies":[{"embeddable":true,"href":"https:\/\/www.egemtv.com\/index.php?rest_route=%2Fwp%2Fv2%2Fcomments&post=90690"}],"version-history":[{"count":1,"href":"https:\/\/www.egemtv.com\/index.php?rest_route=\/wp\/v2\/posts\/90690\/revisions"}],"predecessor-version":[{"id":90692,"href":"https:\/\/www.egemtv.com\/index.php?rest_route=\/wp\/v2\/posts\/90690\/revisions\/90692"}],"wp:featuredmedia":[{"embeddable":true,"href":"https:\/\/www.egemtv.com\/index.php?rest_route=\/wp\/v2\/media\/90691"}],"wp:attachment":[{"href":"https:\/\/www.egemtv.com\/index.php?rest_route=%2Fwp%2Fv2%2Fmedia&parent=90690"}],"wp:term":[{"taxonomy":"category","embeddable":true,"href":"https:\/\/www.egemtv.com\/index.php?rest_route=%2Fwp%2Fv2%2Fcategories&post=90690"},{"taxonomy":"post_tag","embeddable":true,"href":"https:\/\/www.egemtv.com\/index.php?rest_route=%2Fwp%2Fv2%2Ftags&post=90690"}],"curies":[{"name":"wp","href":"https:\/\/api.w.org\/{rel}","templated":true}]}}