{"id":90684,"date":"2026-02-26T18:15:33","date_gmt":"2026-02-26T15:15:33","guid":{"rendered":"https:\/\/www.egemtv.com\/?p=90684"},"modified":"2026-02-26T18:15:34","modified_gmt":"2026-02-26T15:15:34","slug":"kutahya-cinili-camii-yikilip-yeniden-insa-edilecek","status":"publish","type":"post","link":"https:\/\/www.egemtv.com\/?p=90684","title":{"rendered":"K\u00fctahya \u00c7inili Camii y\u0131k\u0131l\u0131p yeniden in\u015fa edilecek"},"content":{"rendered":"<p>K\u00fctahya Dumlup\u0131nar \u00dcniversitesi Genel Sekreteri Yusuf \u00c7etin, kamuoyunda uzun s\u00fcredir tart\u0131\u015f\u0131lan \u00c7inili Camii\u2019nin yeniden ihya s\u00fcrecine ili\u015fkin a\u00e7\u0131klama yapt\u0131. Tescilli k\u00fclt\u00fcr varl\u0131\u011f\u0131 stat\u00fcs\u00fcndeki caminin, bilimsel raporlar ve K\u00fclt\u00fcr Varl\u0131klar\u0131n\u0131 Koruma Kurulu onaylar\u0131 do\u011frultusunda \u00f6zg\u00fcn kimli\u011fi korunarak yeniden in\u015fa edilece\u011fini belirten \u00c7etin, ihale s\u00fcrecinin Mart ay\u0131nda ger\u00e7ekle\u015ftirilece\u011fini s\u00f6yledi.<\/p>\n<p>70 bin \u00e7ini tek tek koruma alt\u0131nda<br \/>\n<br \/>Deprem riski nedeniyle g\u00fc\u00e7lendirme yerine kontroll\u00fc s\u00f6k\u00fcm ve yeniden yap\u0131m karar\u0131 al\u0131n\u0131rken, yakla\u015f\u0131k 70 bin adet \u00f6zg\u00fcn \u00e7ini ve serami\u011fin tek tek s\u00f6k\u00fclerek koruma alt\u0131na al\u0131nd\u0131\u011f\u0131 bildirildi. Dumlup\u0131nar \u00dcniversitesi Genel Sekreteri Yusuf \u00c7etin, s\u00fcrecin ilgili mevzuat \u00e7er\u00e7evesinde y\u00fcr\u00fct\u00fcld\u00fc\u011f\u00fcn\u00fc belirterek \u015fu ifadeleri kulland\u0131:<br \/>\n<br \/>&#8220;K\u00fctahya\u2019n\u0131n \u00f6nemli k\u00fclt\u00fcr varl\u0131klar\u0131 aras\u0131nda yer alan ve tescilli eser stat\u00fcs\u00fcnde bulunan \u00c7inili Camii ile ilgili y\u00fcr\u00fct\u00fclen yeniden ihya s\u00fcreci, ilgili mevzuat \u00e7er\u00e7evesinde ve K\u00fclt\u00fcr Varl\u0131klar\u0131n\u0131 Koruma Kurulu\u2019nun onay ve denetimleri do\u011frultusunda titizlikle s\u00fcrd\u00fcr\u00fclmektedir. 1970\u2019li y\u0131llarda ressam ve neyzen Ahmet Yakupo\u011flu\u2019nun \u00f6nc\u00fcl\u00fc\u011f\u00fcnde, mimari proje ve m\u00fchendislik hizmeti al\u0131nmadan hay\u0131rseverlerin katk\u0131lar\u0131yla imece usul\u00fc in\u015fa edilen \u00c7inili Camii, yakla\u015f\u0131k 64 metrekare i\u00e7 hacme sahiptir. Caminin i\u00e7 ve d\u0131\u015f y\u00fczeyleri yakla\u015f\u0131k 70 bin adet \u00f6zg\u00fcn K\u00fctahya \u00e7ini ve seramikleriyle bezeli olup, b\u00fct\u00fcn \u00e7ini ve seramikler tek tek elden ge\u00e7irilmek suretiyle \u00f6zenli bir \u00e7al\u0131\u015fma yap\u0131lm\u0131\u015ft\u0131r.&#8221;<\/p>\n<p>Bilirki\u015fi raporlar\u0131: G\u00fc\u00e7lendirme yetersiz<br \/>\n<br \/>Yusuf \u00c7etin, caminin yaln\u0131zca bir ibadet mekan\u0131 de\u011fil, ayn\u0131 zamanda \u00fcniversitenin ve \u015fehrin k\u00fclt\u00fcrel haf\u0131zas\u0131n\u0131n \u00f6nemli bir par\u00e7as\u0131 oldu\u011funu ifade etti. Yap\u0131n\u0131n ciddi deprem riski ta\u015f\u0131d\u0131\u011f\u0131n\u0131 vurgulayan Yusuf \u00c7etin, ge\u00e7mi\u015fte mimari proje ve m\u00fchendislik hizmeti al\u0131nmadan in\u015fa edilen camide zamanla zemin kaynakl\u0131 e\u011fim ve \u00e7atlaklar\u0131n olu\u015ftu\u011funu belirterek, &#8220;Mahkemece g\u00f6revlendirilen be\u015f farkl\u0131 \u00fcniversiteden bilim insanlar\u0131n\u0131n yer ald\u0131\u011f\u0131 bilirki\u015fi heyetinin de\u011ferlendirmeleri, yap\u0131da ciddi yap\u0131sal hasarlar bulundu\u011funu, e\u011fimin 7 ila 14 derece aras\u0131nda \u00f6l\u00e7\u00fcld\u00fc\u011f\u00fcn\u00fc ve zemin problemleri nedeniyle muhtemel bir depremde ciddi risk olu\u015faca\u011f\u0131n\u0131 ortaya koymu\u015ftur. Haz\u0131rlanan teknik raporlar\u0131n ortak kanaati, g\u00fc\u00e7lendirme se\u00e7ene\u011finin teknik a\u00e7\u0131dan yetersiz kalaca\u011f\u0131 y\u00f6n\u00fcndedir.&#8221; dedi.<\/p>\n<p>Mart ay\u0131nda ihale yap\u0131lacak<br \/>\n<br \/>Tescilli k\u00fclt\u00fcr varl\u0131\u011f\u0131 olmas\u0131 nedeniyle s\u00fcrecin titizlikle y\u00fcr\u00fct\u00fcld\u00fc\u011f\u00fcn\u00fc belirten Yusuf \u00c7etin, her a\u015faman\u0131n Koruma Kurulu onay\u0131na sunuldu\u011funu kaydederek \u015funlar\u0131 s\u00f6yledi;<br \/>\n<br \/>&#8220;Mevcut durumda \u00e7ini-seramik s\u00f6k\u00fcm\u00fc sonras\u0131 durumu g\u00f6sterir r\u00f6leve projesine ili\u015fkin \u00e7al\u0131\u015fmalar devam etmektedir. Yeni yap\u0131lacak binaya ait statik, mekanik ve elektrik projelerinin haz\u0131rlanmas\u0131 i\u00e7in Kamu \u0130hale Kurumu\u2019na EKAP \u00fczerinden ba\u015fvuru yap\u0131lm\u0131\u015ft\u0131r. Mart ay\u0131 i\u00e7erisinde ihale ger\u00e7ekle\u015ftirilecektir. Jeolojik et\u00fct ve zemin g\u00fc\u00e7lendirme \u00e7al\u0131\u015fmalar\u0131 da e\u015f zamanl\u0131 olarak s\u00fcrd\u00fcr\u00fclmektedir.&#8221;<\/p>\n<p>Hukuki s\u00fcre\u00e7 \u00fcniversite lehine<br \/>\n<br \/>Mevcut y\u00fcklenici firman\u0131n s\u00f6zle\u015fme s\u00fcresinin 11 \u015eubat 2026 itibar\u0131yla sona erdi\u011fini belirten Yusuf \u00c7etin, tamamlanmayan i\u015flerin mevzuat h\u00fck\u00fcmleri \u00e7er\u00e7evesinde firma nam ve hesab\u0131na yapt\u0131r\u0131ld\u0131\u011f\u0131n\u0131 s\u00f6yledi. \u00dcniversitenin firmaya ili\u015fkin herhangi bir \u00f6deme sorunu bulunmad\u0131\u011f\u0131n\u0131 kaydeden \u00c7etin, devam eden hukuki s\u00fcre\u00e7lerin \u00fcniversite lehine ilerledi\u011fini ifade ederek a\u00e7\u0131klamas\u0131n\u0131 \u015f\u00f6yle tamamlad\u0131:<br \/>\n<br \/>&#8220;\u00c7inili Camii, K\u00fctahya\u2019n\u0131n de\u011feridir. Ortak hedefimiz, bu eserin hem deprem g\u00fcvenli\u011fini sa\u011flamak hem de Ahmet Yakupo\u011flu\u2019nun sanat anlay\u0131\u015f\u0131n\u0131 ve K\u00fctahya\u2019n\u0131n \u00e7ini miras\u0131n\u0131 \u00f6zg\u00fcn kimli\u011fiyle gelecek nesillere aktarmakt\u0131r. Bu k\u0131ymetli eser mevzuata uygun, sa\u011flam ve kal\u0131c\u0131 bir \u015fekilde tamamlanarak en k\u0131sa s\u00fcrede yeniden ibadete a\u00e7\u0131lacakt\u0131r.&#8221;<br \/><\/p>\n","protected":false},"excerpt":{"rendered":"<p>K\u00fctahya Dumlup\u0131nar \u00dcniversitesi Genel Sekreteri Yusuf \u00c7etin, kamuoyunda uzun s\u00fcredir tart\u0131\u015f\u0131lan \u00c7inili Camii\u2019nin yeniden ihya s\u00fcrecine ili\u015fkin a\u00e7\u0131klama yapt\u0131. Tescilli k\u00fclt\u00fcr varl\u0131\u011f\u0131 stat\u00fcs\u00fcndeki caminin, bilimsel raporlar ve K\u00fclt\u00fcr Varl\u0131klar\u0131n\u0131 Koruma Kurulu onaylar\u0131 do\u011frultusunda \u00f6zg\u00fcn kimli\u011fi korunarak yeniden in\u015fa edilece\u011fini belirten \u00c7etin, ihale s\u00fcrecinin Mart ay\u0131nda ger\u00e7ekle\u015ftirilece\u011fini s\u00f6yledi. 70 bin \u00e7ini tek tek koruma alt\u0131nda Deprem&#8230;<\/p>\n","protected":false},"author":1,"featured_media":90685,"comment_status":"open","ping_status":"open","sticky":false,"template":"","format":"standard","meta":{"_crdt_document":"","footnotes":""},"categories":[123],"tags":[],"class_list":["post-90684","post","type-post","status-publish","format-standard","has-post-thumbnail","hentry","category-gundem"],"_links":{"self":[{"href":"https:\/\/www.egemtv.com\/index.php?rest_route=\/wp\/v2\/posts\/90684","targetHints":{"allow":["GET"]}}],"collection":[{"href":"https:\/\/www.egemtv.com\/index.php?rest_route=\/wp\/v2\/posts"}],"about":[{"href":"https:\/\/www.egemtv.com\/index.php?rest_route=\/wp\/v2\/types\/post"}],"author":[{"embeddable":true,"href":"https:\/\/www.egemtv.com\/index.php?rest_route=\/wp\/v2\/users\/1"}],"replies":[{"embeddable":true,"href":"https:\/\/www.egemtv.com\/index.php?rest_route=%2Fwp%2Fv2%2Fcomments&post=90684"}],"version-history":[{"count":1,"href":"https:\/\/www.egemtv.com\/index.php?rest_route=\/wp\/v2\/posts\/90684\/revisions"}],"predecessor-version":[{"id":90686,"href":"https:\/\/www.egemtv.com\/index.php?rest_route=\/wp\/v2\/posts\/90684\/revisions\/90686"}],"wp:featuredmedia":[{"embeddable":true,"href":"https:\/\/www.egemtv.com\/index.php?rest_route=\/wp\/v2\/media\/90685"}],"wp:attachment":[{"href":"https:\/\/www.egemtv.com\/index.php?rest_route=%2Fwp%2Fv2%2Fmedia&parent=90684"}],"wp:term":[{"taxonomy":"category","embeddable":true,"href":"https:\/\/www.egemtv.com\/index.php?rest_route=%2Fwp%2Fv2%2Fcategories&post=90684"},{"taxonomy":"post_tag","embeddable":true,"href":"https:\/\/www.egemtv.com\/index.php?rest_route=%2Fwp%2Fv2%2Ftags&post=90684"}],"curies":[{"name":"wp","href":"https:\/\/api.w.org\/{rel}","templated":true}]}}