{"id":90681,"date":"2026-02-26T18:15:32","date_gmt":"2026-02-26T15:15:32","guid":{"rendered":"https:\/\/www.egemtv.com\/?p=90681"},"modified":"2026-02-26T18:15:33","modified_gmt":"2026-02-26T15:15:33","slug":"denizlinin-yuksek-kesimlerinde-kar-yagisi-etkili-oluyor","status":"publish","type":"post","link":"https:\/\/www.egemtv.com\/?p=90681","title":{"rendered":"Denizli\u2019nin y\u00fcksek kesimlerinde kar ya\u011f\u0131\u015f\u0131 etkili oluyor"},"content":{"rendered":"<p>Denizli\u2019nin al\u00e7ak kesimlerinde ya\u011fmur etkili olurken, y\u00fcksek kesimlerinde ise kar ya\u011f\u0131\u015f\u0131 g\u00f6r\u00fcld\u00fc.<\/p>\n<p>Kent genelinde etkili olan ya\u011f\u0131\u015fl\u0131 hava, rak\u0131m\u0131 y\u00fcksek b\u00f6lgelerde yerini kara b\u0131rakt\u0131. Denizli merkezde ak\u015fam \u00fczerinde ya\u011fmur ya\u011f\u0131\u015f\u0131 ba\u015flarken, Pamukkale il\u00e7esinin Cankurtaran Mahallesi, Tavas il\u00e7esine ba\u011fl\u0131 Sarabat Mahallesi ve Buldan\u2019\u0131n y\u00fcksek kesimlerini beyaza b\u00fcr\u00fcnd\u00fc.<\/p>\n<p>Kar ya\u011f\u0131\u015f\u0131 nedeniyle y\u00fcksek kesimlerde hava s\u0131cakl\u0131\u011f\u0131 hissedilir derecede d\u00fc\u015ferken, vatanda\u015flar so\u011fuk havaya kar\u015f\u0131 tedbirli olmalar\u0131 konusunda uyar\u0131ld\u0131. Yetkililer, y\u00fcksek rak\u0131ml\u0131 b\u00f6lgelerde ula\u015f\u0131mda aksama ya\u015fanmamas\u0131 i\u00e7in s\u00fcr\u00fcc\u00fclerin dikkatli olmas\u0131 gerekti\u011fini belirtti.<br \/><\/p>\n","protected":false},"excerpt":{"rendered":"<p>Denizli\u2019nin al\u00e7ak kesimlerinde ya\u011fmur etkili olurken, y\u00fcksek kesimlerinde ise kar ya\u011f\u0131\u015f\u0131 g\u00f6r\u00fcld\u00fc. Kent genelinde etkili olan ya\u011f\u0131\u015fl\u0131 hava, rak\u0131m\u0131 y\u00fcksek b\u00f6lgelerde yerini kara b\u0131rakt\u0131. Denizli merkezde ak\u015fam \u00fczerinde ya\u011fmur ya\u011f\u0131\u015f\u0131 ba\u015flarken, Pamukkale il\u00e7esinin Cankurtaran Mahallesi, Tavas il\u00e7esine ba\u011fl\u0131 Sarabat Mahallesi ve Buldan\u2019\u0131n y\u00fcksek kesimlerini beyaza b\u00fcr\u00fcnd\u00fc. Kar ya\u011f\u0131\u015f\u0131 nedeniyle y\u00fcksek kesimlerde hava s\u0131cakl\u0131\u011f\u0131 hissedilir derecede&#8230;<\/p>\n","protected":false},"author":1,"featured_media":90682,"comment_status":"open","ping_status":"open","sticky":false,"template":"","format":"standard","meta":{"_crdt_document":"","footnotes":""},"categories":[1],"tags":[],"class_list":["post-90681","post","type-post","status-publish","format-standard","has-post-thumbnail","hentry","category-guncel"],"_links":{"self":[{"href":"https:\/\/www.egemtv.com\/index.php?rest_route=\/wp\/v2\/posts\/90681","targetHints":{"allow":["GET"]}}],"collection":[{"href":"https:\/\/www.egemtv.com\/index.php?rest_route=\/wp\/v2\/posts"}],"about":[{"href":"https:\/\/www.egemtv.com\/index.php?rest_route=\/wp\/v2\/types\/post"}],"author":[{"embeddable":true,"href":"https:\/\/www.egemtv.com\/index.php?rest_route=\/wp\/v2\/users\/1"}],"replies":[{"embeddable":true,"href":"https:\/\/www.egemtv.com\/index.php?rest_route=%2Fwp%2Fv2%2Fcomments&post=90681"}],"version-history":[{"count":1,"href":"https:\/\/www.egemtv.com\/index.php?rest_route=\/wp\/v2\/posts\/90681\/revisions"}],"predecessor-version":[{"id":90683,"href":"https:\/\/www.egemtv.com\/index.php?rest_route=\/wp\/v2\/posts\/90681\/revisions\/90683"}],"wp:featuredmedia":[{"embeddable":true,"href":"https:\/\/www.egemtv.com\/index.php?rest_route=\/wp\/v2\/media\/90682"}],"wp:attachment":[{"href":"https:\/\/www.egemtv.com\/index.php?rest_route=%2Fwp%2Fv2%2Fmedia&parent=90681"}],"wp:term":[{"taxonomy":"category","embeddable":true,"href":"https:\/\/www.egemtv.com\/index.php?rest_route=%2Fwp%2Fv2%2Fcategories&post=90681"},{"taxonomy":"post_tag","embeddable":true,"href":"https:\/\/www.egemtv.com\/index.php?rest_route=%2Fwp%2Fv2%2Ftags&post=90681"}],"curies":[{"name":"wp","href":"https:\/\/api.w.org\/{rel}","templated":true}]}}