{"id":90678,"date":"2026-02-26T17:55:23","date_gmt":"2026-02-26T14:55:23","guid":{"rendered":"https:\/\/www.egemtv.com\/?p=90678"},"modified":"2026-02-26T17:55:24","modified_gmt":"2026-02-26T14:55:24","slug":"manisada-calinan-arac-izmirde-bulundu-hirsizlik-ani-kamerada","status":"publish","type":"post","link":"https:\/\/www.egemtv.com\/?p=90678","title":{"rendered":"Manisa\u2019da \u00e7al\u0131nan ara\u00e7 \u0130zmir\u2019de bulundu: H\u0131rs\u0131zl\u0131k an\u0131 kamerada"},"content":{"rendered":"<p>Manisa\u2019n\u0131n Salihli il\u00e7esindeki sanayi sitesine tamir i\u00e7in b\u0131rak\u0131lan otomobil, kimli\u011fi belirsiz ki\u015fi ya da ki\u015filer taraf\u0131ndan \u00e7al\u0131nd\u0131. \u00c7al\u0131nan ara\u00e7 \u0130zmir\u2019in Menemen il\u00e7esinde bulunurken, h\u0131rs\u0131zl\u0131k an\u0131 g\u00fcvenlik kameralar\u0131na yans\u0131d\u0131.<br \/>\n<br \/>Olay, Salihli Sanayi Sitesi\u2019nde meydana geldi. Edinilen bilgiye g\u00f6re E.\u00c7. (49), 45 AZJ 672 plakal\u0131 otomobilini ar\u0131za nedeniyle sanayi sitesindeki bir i\u015fyerinin \u00f6n\u00fcne b\u0131rakt\u0131. Plakas\u0131 tak\u0131l\u0131 olmayan ve iddiaya g\u00f6re anahtar\u0131 \u00fczerinde bulunan otomobil, kimli\u011fi belirsiz ki\u015fi ya da ki\u015filerce \u00e7al\u0131nd\u0131.<br \/>\n<br \/>\u0130hbar \u00fczerine harekete ge\u00e7en Salihli \u0130l\u00e7e Emniyet M\u00fcd\u00fcrl\u00fc\u011f\u00fc Asayi\u015f B\u00fcro Amirli\u011fi ekipleri, \u00e7evredeki g\u00fcvenlik kameralar\u0131n\u0131 incelemeye ald\u0131. Yap\u0131lan \u00e7al\u0131\u015fmalar sonucunda otomobili \u00e7alan \u015f\u00fcphelilerin D.\u00c7., G.M. ve H.\u0130.A. oldu\u011fu ve arac\u0131n \u0130zmir y\u00f6n\u00fcne g\u00f6t\u00fcr\u00fcld\u00fc\u011f\u00fc belirlendi.<br \/>\n<br \/>Polis ekiplerinin takibi sonucu \u00e7al\u0131nan ara\u00e7 \u0130zmir-Menemen Otoyolu\u2019nda jandarma ekiplerince yakaland\u0131. Olayla ba\u011flant\u0131l\u0131 \u015f\u00fcpheliler g\u00f6zalt\u0131na al\u0131n\u0131rken, \u015f\u00fcphelilerin arac\u0131 \u00e7ald\u0131\u011f\u0131 anlar\u0131n bir i\u015fyerine ait g\u00fcvenlik kameras\u0131 taraf\u0131ndan anbean kaydedildi\u011fi \u00f6\u011frenildi.<br \/>\n<br \/>Olayla ilgili soru\u015fturma s\u00fcr\u00fcyor.<br \/><\/p>\n","protected":false},"excerpt":{"rendered":"<p>Manisa\u2019n\u0131n Salihli il\u00e7esindeki sanayi sitesine tamir i\u00e7in b\u0131rak\u0131lan otomobil, kimli\u011fi belirsiz ki\u015fi ya da ki\u015filer taraf\u0131ndan \u00e7al\u0131nd\u0131. \u00c7al\u0131nan ara\u00e7 \u0130zmir\u2019in Menemen il\u00e7esinde bulunurken, h\u0131rs\u0131zl\u0131k an\u0131 g\u00fcvenlik kameralar\u0131na yans\u0131d\u0131. Olay, Salihli Sanayi Sitesi\u2019nde meydana geldi. Edinilen bilgiye g\u00f6re E.\u00c7. (49), 45 AZJ 672 plakal\u0131 otomobilini ar\u0131za nedeniyle sanayi sitesindeki bir i\u015fyerinin \u00f6n\u00fcne b\u0131rakt\u0131. Plakas\u0131 tak\u0131l\u0131 olmayan&#8230;<\/p>\n","protected":false},"author":1,"featured_media":90679,"comment_status":"open","ping_status":"open","sticky":false,"template":"","format":"standard","meta":{"_crdt_document":"","footnotes":""},"categories":[5],"tags":[],"class_list":["post-90678","post","type-post","status-publish","format-standard","has-post-thumbnail","hentry","category-asayis"],"_links":{"self":[{"href":"https:\/\/www.egemtv.com\/index.php?rest_route=\/wp\/v2\/posts\/90678","targetHints":{"allow":["GET"]}}],"collection":[{"href":"https:\/\/www.egemtv.com\/index.php?rest_route=\/wp\/v2\/posts"}],"about":[{"href":"https:\/\/www.egemtv.com\/index.php?rest_route=\/wp\/v2\/types\/post"}],"author":[{"embeddable":true,"href":"https:\/\/www.egemtv.com\/index.php?rest_route=\/wp\/v2\/users\/1"}],"replies":[{"embeddable":true,"href":"https:\/\/www.egemtv.com\/index.php?rest_route=%2Fwp%2Fv2%2Fcomments&post=90678"}],"version-history":[{"count":1,"href":"https:\/\/www.egemtv.com\/index.php?rest_route=\/wp\/v2\/posts\/90678\/revisions"}],"predecessor-version":[{"id":90680,"href":"https:\/\/www.egemtv.com\/index.php?rest_route=\/wp\/v2\/posts\/90678\/revisions\/90680"}],"wp:featuredmedia":[{"embeddable":true,"href":"https:\/\/www.egemtv.com\/index.php?rest_route=\/wp\/v2\/media\/90679"}],"wp:attachment":[{"href":"https:\/\/www.egemtv.com\/index.php?rest_route=%2Fwp%2Fv2%2Fmedia&parent=90678"}],"wp:term":[{"taxonomy":"category","embeddable":true,"href":"https:\/\/www.egemtv.com\/index.php?rest_route=%2Fwp%2Fv2%2Fcategories&post=90678"},{"taxonomy":"post_tag","embeddable":true,"href":"https:\/\/www.egemtv.com\/index.php?rest_route=%2Fwp%2Fv2%2Ftags&post=90678"}],"curies":[{"name":"wp","href":"https:\/\/api.w.org\/{rel}","templated":true}]}}