{"id":90675,"date":"2026-02-26T17:35:18","date_gmt":"2026-02-26T14:35:18","guid":{"rendered":"https:\/\/www.egemtv.com\/?p=90675"},"modified":"2026-02-26T17:35:19","modified_gmt":"2026-02-26T14:35:19","slug":"kusadasinda-islendirme-ofisi-2026-yilinda-da-istihdam-kaynagi-oluyor","status":"publish","type":"post","link":"https:\/\/www.egemtv.com\/?p=90675","title":{"rendered":"Ku\u015fadas\u0131\u2019nda \u0130\u015flendirme Ofisi 2026 y\u0131l\u0131nda da istihdam kayna\u011f\u0131 oluyor"},"content":{"rendered":"<p>Ku\u015fadas\u0131 Belediyesi ile T\u00fcrkiye \u0130\u015f Kurumu Ku\u015fadas\u0131 Hizmet Merkezi aras\u0131nda imzalanan protokolle kurulan \u2019\u0130\u015flendirme Ofisi\u2019 arac\u0131l\u0131\u011f\u0131yla 2026 y\u0131l\u0131n\u0131n ilk 2 ay\u0131nda 77 ki\u015fi i\u015fe yerle\u015ftirildi. Merkez, ba\u015fta turizm olmak \u00fczere bir\u00e7ok farkl\u0131 sekt\u00f6rde i\u015fverenler ile i\u015f arayanlar aras\u0131nda k\u00f6pr\u00fc vazifesi g\u00f6revini \u00fcstleniyor.<\/p>\n<p>Ku\u015fadas\u0131 Belediyesi, kentte nitelikli personel ihtiyac\u0131 olan i\u015fletmelerle i\u015f arayanlar\u0131 ayn\u0131 \u00e7at\u0131 alt\u0131nda bulu\u015fturmak i\u00e7in 2019 y\u0131l\u0131nda T\u00fcrkiye \u0130\u015f Kurumu Ku\u015fadas\u0131 Hizmet Merkezi ile protokol imzalayarak \u0130\u015flendirme Ofisi\u2019ni kurdu. Kentte ekonomiye ve istihdama \u00f6nemli bir katk\u0131 sunan merkez taraf\u0131ndan 2026 y\u0131l\u0131n\u0131n ocak ve \u015fubat aylar\u0131n\u0131 kapsayan d\u00f6nemde 77 ki\u015fiye i\u015f imkan\u0131 sa\u011fland\u0131.<\/p>\n<p>Ba\u015fta turizm olmak \u00fczere bir\u00e7ok farkl\u0131 sekt\u00f6rde i\u015fverenler ile i\u015f arayanlar aras\u0131nda k\u00f6pr\u00fc kuran merkezde, yap\u0131lan ba\u015fvurular \u00f6nce kay\u0131t alt\u0131na al\u0131n\u0131yor. Daha sonra i\u015f arayan ki\u015filerin ya\u015f, e\u011fitim ve mesleki durumlar\u0131na bak\u0131larak tasnif edilen ba\u015fvurular, i\u015f kurumu ile birlikte ortak bir veri taban\u0131nda saklan\u0131yor. B\u00f6ylece i\u015f arayan herkese i\u015f kurumu taraf\u0131ndan bir dan\u0131\u015fman atanmas\u0131 sa\u011flan\u0131yor. Merkez, De\u011firmendere Mahallesi \u0130stikbal Sokak \u00fczerinde bulunan Ku\u015fadas\u0131 Belediyesi Ek Hizmet Binas\u0131\u2019nda hafta i\u00e7i 08.30-17.30 saatleri aras\u0131nda hizmet veriyor.<br \/><\/p>\n","protected":false},"excerpt":{"rendered":"<p>Ku\u015fadas\u0131 Belediyesi ile T\u00fcrkiye \u0130\u015f Kurumu Ku\u015fadas\u0131 Hizmet Merkezi aras\u0131nda imzalanan protokolle kurulan \u2019\u0130\u015flendirme Ofisi\u2019 arac\u0131l\u0131\u011f\u0131yla 2026 y\u0131l\u0131n\u0131n ilk 2 ay\u0131nda 77 ki\u015fi i\u015fe yerle\u015ftirildi. Merkez, ba\u015fta turizm olmak \u00fczere bir\u00e7ok farkl\u0131 sekt\u00f6rde i\u015fverenler ile i\u015f arayanlar aras\u0131nda k\u00f6pr\u00fc vazifesi g\u00f6revini \u00fcstleniyor. Ku\u015fadas\u0131 Belediyesi, kentte nitelikli personel ihtiyac\u0131 olan i\u015fletmelerle i\u015f arayanlar\u0131 ayn\u0131 \u00e7at\u0131 alt\u0131nda&#8230;<\/p>\n","protected":false},"author":1,"featured_media":90676,"comment_status":"open","ping_status":"open","sticky":false,"template":"","format":"standard","meta":{"_crdt_document":"","footnotes":""},"categories":[125],"tags":[],"class_list":["post-90675","post","type-post","status-publish","format-standard","has-post-thumbnail","hentry","category-ekonomi"],"_links":{"self":[{"href":"https:\/\/www.egemtv.com\/index.php?rest_route=\/wp\/v2\/posts\/90675","targetHints":{"allow":["GET"]}}],"collection":[{"href":"https:\/\/www.egemtv.com\/index.php?rest_route=\/wp\/v2\/posts"}],"about":[{"href":"https:\/\/www.egemtv.com\/index.php?rest_route=\/wp\/v2\/types\/post"}],"author":[{"embeddable":true,"href":"https:\/\/www.egemtv.com\/index.php?rest_route=\/wp\/v2\/users\/1"}],"replies":[{"embeddable":true,"href":"https:\/\/www.egemtv.com\/index.php?rest_route=%2Fwp%2Fv2%2Fcomments&post=90675"}],"version-history":[{"count":1,"href":"https:\/\/www.egemtv.com\/index.php?rest_route=\/wp\/v2\/posts\/90675\/revisions"}],"predecessor-version":[{"id":90677,"href":"https:\/\/www.egemtv.com\/index.php?rest_route=\/wp\/v2\/posts\/90675\/revisions\/90677"}],"wp:featuredmedia":[{"embeddable":true,"href":"https:\/\/www.egemtv.com\/index.php?rest_route=\/wp\/v2\/media\/90676"}],"wp:attachment":[{"href":"https:\/\/www.egemtv.com\/index.php?rest_route=%2Fwp%2Fv2%2Fmedia&parent=90675"}],"wp:term":[{"taxonomy":"category","embeddable":true,"href":"https:\/\/www.egemtv.com\/index.php?rest_route=%2Fwp%2Fv2%2Fcategories&post=90675"},{"taxonomy":"post_tag","embeddable":true,"href":"https:\/\/www.egemtv.com\/index.php?rest_route=%2Fwp%2Fv2%2Ftags&post=90675"}],"curies":[{"name":"wp","href":"https:\/\/api.w.org\/{rel}","templated":true}]}}