{"id":90672,"date":"2026-02-26T16:35:13","date_gmt":"2026-02-26T13:35:13","guid":{"rendered":"https:\/\/www.egemtv.com\/?p=90672"},"modified":"2026-02-26T16:35:14","modified_gmt":"2026-02-26T13:35:14","slug":"baskan-tatik-canakkale-savaslari-mobil-muzesinde-vatandaslarla-bir-araya-geldi","status":"publish","type":"post","link":"https:\/\/www.egemtv.com\/?p=90672","title":{"rendered":"Ba\u015fkan Tat\u0131k, \u00c7anakkale Sava\u015flar\u0131 Mobil M\u00fczesinde vatanda\u015flarla bir araya geldi"},"content":{"rendered":"<p>Denizli\u2019nin Tavas il\u00e7esine gelen \u00c7anakkale Sava\u015flar\u0131 Mobil M\u00fczesi, vatanda\u015flar taraf\u0131ndan yo\u011fun ilgi g\u00f6r\u00fcyor. Tavas Belediye Ba\u015fkan\u0131 Kadir Tat\u0131k, bu anlaml\u0131 m\u00fczeye ziyaret ederek vatanda\u015flarla bir araya geldi.<\/p>\n<p>Denizli\u2019nin Tavas il\u00e7esine gelen \u00c7anakkale Sava\u015flar\u0131 Mobil M\u00fczesi, vatanda\u015flar taraf\u0131ndan yo\u011fun ilgi g\u00f6r\u00fcyor. \u00d6zel olarak haz\u0131rlanan m\u00fczede, \u00c7anakkale Sava\u015flar\u0131\u2019na ait foto\u011fraflar, belgeler ve hat\u0131ralar yer almaktad\u0131r. Tavas Belediye Ba\u015fkan\u0131 Kadir Tat\u0131k, bu anlaml\u0131 m\u00fczeye ziyaret ederek vatanda\u015flarla bir araya geldi. Ba\u015fkan Tat\u0131k; m\u00fczenin, tarihin en onurlu sayfalar\u0131na g\u00f6t\u00fcrd\u00fc\u011f\u00fcn\u00fc belirterek, &#8220;T\u00fcm halk\u0131m\u0131z\u0131 \u00c7anakkale Sava\u015flar\u0131 Mobil M\u00fczesini ziyaret etmeye davet ediyoruz&#8221; dedi.<\/p>\n<p>&#8220;Ecdad\u0131m\u0131z\u0131n destans\u0131 m\u00fccadelesini bir kez daha derinden hissettik&#8221;<br \/>\n<br \/>Bu projenin il\u00e7eye bulu\u015fturan ve eme\u011fi ge\u00e7en herkese te\u015fekk\u00fcrlerini ileten Tavas Belediye Ba\u015fkan\u0131 Kadir Tat\u0131k; &#8220;Tavas \u0130l\u00e7e merkezimize gelen \u00c7anakkale Sava\u015flar\u0131 Mobil M\u00fczesini ziyaret ederek, ecdad\u0131m\u0131z\u0131n destans\u0131 m\u00fccadelesini bir kez daha derinden hissettik. \u00d6zel olarak haz\u0131rlanan bu anlaml\u0131 m\u00fcze; \u00c7anakkale Sava\u015flar\u0131\u2019na ait foto\u011fraflar, belgeler ve hat\u0131ralarla bizleri tarihimizin en onurlu sayfalar\u0131na g\u00f6t\u00fcr\u00fcyor. Aziz \u015fehitlerimizin fedak\u00e2rl\u0131\u011f\u0131n\u0131 ve milletimizin birlik ruhunu ya\u015fatan bu k\u0131ymetli projeyi il\u00e7emizle bulu\u015fturan eme\u011fi ge\u00e7enlere te\u015fekk\u00fcr ediyorum&#8221; diye konu\u015ftu.<\/p>\n<p>\u00c7anakkale Sava\u015flar\u0131 Mobil M\u00fczesi,  26-27 \u015eubat 2026 (Per\u015fembe\/Cuma) H\u00fck\u00fcmet Kona\u011f\u0131 yan\u0131nda ziyaret\u00e7ilerini a\u011f\u0131rl\u0131yor. 09.00 &#8211; 17.00 saatleri aras\u0131nda a\u00e7\u0131k olan m\u00fczeye Ba\u015fkan Tat\u0131k, t\u00fcm halk\u0131 davet etti.<br \/><\/p>\n","protected":false},"excerpt":{"rendered":"<p>Denizli\u2019nin Tavas il\u00e7esine gelen \u00c7anakkale Sava\u015flar\u0131 Mobil M\u00fczesi, vatanda\u015flar taraf\u0131ndan yo\u011fun ilgi g\u00f6r\u00fcyor. Tavas Belediye Ba\u015fkan\u0131 Kadir Tat\u0131k, bu anlaml\u0131 m\u00fczeye ziyaret ederek vatanda\u015flarla bir araya geldi. Denizli\u2019nin Tavas il\u00e7esine gelen \u00c7anakkale Sava\u015flar\u0131 Mobil M\u00fczesi, vatanda\u015flar taraf\u0131ndan yo\u011fun ilgi g\u00f6r\u00fcyor. \u00d6zel olarak haz\u0131rlanan m\u00fczede, \u00c7anakkale Sava\u015flar\u0131\u2019na ait foto\u011fraflar, belgeler ve hat\u0131ralar yer almaktad\u0131r. Tavas Belediye&#8230;<\/p>\n","protected":false},"author":1,"featured_media":90673,"comment_status":"open","ping_status":"open","sticky":false,"template":"","format":"standard","meta":{"_crdt_document":"","footnotes":""},"categories":[1],"tags":[],"class_list":["post-90672","post","type-post","status-publish","format-standard","has-post-thumbnail","hentry","category-guncel"],"_links":{"self":[{"href":"https:\/\/www.egemtv.com\/index.php?rest_route=\/wp\/v2\/posts\/90672","targetHints":{"allow":["GET"]}}],"collection":[{"href":"https:\/\/www.egemtv.com\/index.php?rest_route=\/wp\/v2\/posts"}],"about":[{"href":"https:\/\/www.egemtv.com\/index.php?rest_route=\/wp\/v2\/types\/post"}],"author":[{"embeddable":true,"href":"https:\/\/www.egemtv.com\/index.php?rest_route=\/wp\/v2\/users\/1"}],"replies":[{"embeddable":true,"href":"https:\/\/www.egemtv.com\/index.php?rest_route=%2Fwp%2Fv2%2Fcomments&post=90672"}],"version-history":[{"count":1,"href":"https:\/\/www.egemtv.com\/index.php?rest_route=\/wp\/v2\/posts\/90672\/revisions"}],"predecessor-version":[{"id":90674,"href":"https:\/\/www.egemtv.com\/index.php?rest_route=\/wp\/v2\/posts\/90672\/revisions\/90674"}],"wp:featuredmedia":[{"embeddable":true,"href":"https:\/\/www.egemtv.com\/index.php?rest_route=\/wp\/v2\/media\/90673"}],"wp:attachment":[{"href":"https:\/\/www.egemtv.com\/index.php?rest_route=%2Fwp%2Fv2%2Fmedia&parent=90672"}],"wp:term":[{"taxonomy":"category","embeddable":true,"href":"https:\/\/www.egemtv.com\/index.php?rest_route=%2Fwp%2Fv2%2Fcategories&post=90672"},{"taxonomy":"post_tag","embeddable":true,"href":"https:\/\/www.egemtv.com\/index.php?rest_route=%2Fwp%2Fv2%2Ftags&post=90672"}],"curies":[{"name":"wp","href":"https:\/\/api.w.org\/{rel}","templated":true}]}}