{"id":90669,"date":"2026-02-26T16:15:35","date_gmt":"2026-02-26T13:15:35","guid":{"rendered":"https:\/\/www.egemtv.com\/?p=90669"},"modified":"2026-02-26T16:15:36","modified_gmt":"2026-02-26T13:15:36","slug":"kavsak-icindeki-kazada-surucu-yaralandi","status":"publish","type":"post","link":"https:\/\/www.egemtv.com\/?p=90669","title":{"rendered":"Kav\u015fak i\u00e7indeki kazada s\u00fcr\u00fcc\u00fc yaraland\u0131"},"content":{"rendered":"<p>Ayd\u0131n\u2019\u0131n Efeler il\u00e7esinde kav\u015fak i\u00e7inde motosiklet ile otomobilin \u00e7arp\u0131\u015fmas\u0131 sonucu meydana gelen kazada 1 ki\u015fi yaralan\u0131rken, kaza nedeniyle yolda uzun ara\u00e7 kuyru\u011fu olu\u015ftu.<\/p>\n<p>Kaza, \u0130stasyon Bulvar\u0131 ile K\u00f6rfez Caddesi kesi\u015fiminde saat 16.00 s\u0131ralar\u0131nda meydana geldi. Edinilen bilgiye g\u00f6re, 09 FH 670 plakal\u0131 otomobil ile 48 ST 007 plakal\u0131 motosiklet kav\u015fak i\u00e7inde \u00e7arp\u0131\u015ft\u0131. \u00c7arp\u0131\u015fman\u0131n etkisiyle yola savrulan motosiklet s\u00fcr\u00fcc\u00fcs\u00fc yaraland\u0131. Kazay\u0131 g\u00f6renler durumu 112 Acil \u00c7a\u011fr\u0131 Merkezi\u2019ne bildirdi. \u0130hbar \u00fczerine b\u00f6lgeye polis ve sa\u011fl\u0131k ekipleri sevk edildi. Kaza nedeniyle uzun ara\u00e7 kuyruklar\u0131n\u0131n olu\u015ftu\u011fu yolda, ambulans ekipleri olay yerine ula\u015fmakta g\u00fc\u00e7l\u00fck \u00e7ekti. Kaza yerine gelen sa\u011fl\u0131k ekipleri, ilk m\u00fcdahalenin ard\u0131ndan yaral\u0131 s\u00fcr\u00fcc\u00fcy\u00fc ambulansla hastaneye kald\u0131rd\u0131. Yaral\u0131n\u0131n hayati tehlikesinin bulunmad\u0131\u011f\u0131 \u00f6\u011frenilirken, kazayla ilgili inceleme ba\u015flat\u0131ld\u0131.<br \/><\/p>\n","protected":false},"excerpt":{"rendered":"<p>Ayd\u0131n\u2019\u0131n Efeler il\u00e7esinde kav\u015fak i\u00e7inde motosiklet ile otomobilin \u00e7arp\u0131\u015fmas\u0131 sonucu meydana gelen kazada 1 ki\u015fi yaralan\u0131rken, kaza nedeniyle yolda uzun ara\u00e7 kuyru\u011fu olu\u015ftu. Kaza, \u0130stasyon Bulvar\u0131 ile K\u00f6rfez Caddesi kesi\u015fiminde saat 16.00 s\u0131ralar\u0131nda meydana geldi. Edinilen bilgiye g\u00f6re, 09 FH 670 plakal\u0131 otomobil ile 48 ST 007 plakal\u0131 motosiklet kav\u015fak i\u00e7inde \u00e7arp\u0131\u015ft\u0131. \u00c7arp\u0131\u015fman\u0131n etkisiyle yola&#8230;<\/p>\n","protected":false},"author":1,"featured_media":90670,"comment_status":"open","ping_status":"open","sticky":false,"template":"","format":"standard","meta":{"_crdt_document":"","footnotes":""},"categories":[5],"tags":[],"class_list":["post-90669","post","type-post","status-publish","format-standard","has-post-thumbnail","hentry","category-asayis"],"_links":{"self":[{"href":"https:\/\/www.egemtv.com\/index.php?rest_route=\/wp\/v2\/posts\/90669","targetHints":{"allow":["GET"]}}],"collection":[{"href":"https:\/\/www.egemtv.com\/index.php?rest_route=\/wp\/v2\/posts"}],"about":[{"href":"https:\/\/www.egemtv.com\/index.php?rest_route=\/wp\/v2\/types\/post"}],"author":[{"embeddable":true,"href":"https:\/\/www.egemtv.com\/index.php?rest_route=\/wp\/v2\/users\/1"}],"replies":[{"embeddable":true,"href":"https:\/\/www.egemtv.com\/index.php?rest_route=%2Fwp%2Fv2%2Fcomments&post=90669"}],"version-history":[{"count":1,"href":"https:\/\/www.egemtv.com\/index.php?rest_route=\/wp\/v2\/posts\/90669\/revisions"}],"predecessor-version":[{"id":90671,"href":"https:\/\/www.egemtv.com\/index.php?rest_route=\/wp\/v2\/posts\/90669\/revisions\/90671"}],"wp:featuredmedia":[{"embeddable":true,"href":"https:\/\/www.egemtv.com\/index.php?rest_route=\/wp\/v2\/media\/90670"}],"wp:attachment":[{"href":"https:\/\/www.egemtv.com\/index.php?rest_route=%2Fwp%2Fv2%2Fmedia&parent=90669"}],"wp:term":[{"taxonomy":"category","embeddable":true,"href":"https:\/\/www.egemtv.com\/index.php?rest_route=%2Fwp%2Fv2%2Fcategories&post=90669"},{"taxonomy":"post_tag","embeddable":true,"href":"https:\/\/www.egemtv.com\/index.php?rest_route=%2Fwp%2Fv2%2Ftags&post=90669"}],"curies":[{"name":"wp","href":"https:\/\/api.w.org\/{rel}","templated":true}]}}