{"id":90666,"date":"2026-02-26T16:15:34","date_gmt":"2026-02-26T13:15:34","guid":{"rendered":"https:\/\/www.egemtv.com\/?p=90666"},"modified":"2026-02-26T16:15:35","modified_gmt":"2026-02-26T13:15:35","slug":"aydinda-17-ilce-mudurunun-yeri-degisti","status":"publish","type":"post","link":"https:\/\/www.egemtv.com\/?p=90666","title":{"rendered":"Ayd\u0131n\u2019da 17 il\u00e7e m\u00fcd\u00fcr\u00fcn\u00fcn yeri de\u011fi\u015fti"},"content":{"rendered":"<p>Ayd\u0131n\u2019da g\u00f6rev yapan 17 il\u00e7e milli e\u011fitim m\u00fcd\u00fcr\u00fcn\u00fcn g\u00f6rev yerleri de\u011fi\u015ftirildi.<\/p>\n<p>E\u011fitim y\u00f6netiminde kapsaml\u0131 bir de\u011fi\u015fiklik s\u00fcreci ba\u015flat\u0131lan Ayd\u0131n\u2019da, uzun s\u00fcredir ayn\u0131 il\u00e7elerde g\u00f6rev yapan m\u00fcd\u00fcrlerin b\u00fcy\u00fck b\u00f6l\u00fcm\u00fc farkl\u0131 il\u00e7elere kayd\u0131r\u0131ld\u0131. Karar do\u011frultusunda baz\u0131 il\u00e7elere yeni isimler atan\u0131rken, baz\u0131 okul m\u00fcd\u00fcrleri de il\u00e7e milli e\u011fitim m\u00fcd\u00fcrl\u00fc\u011f\u00fc g\u00f6revine getirildi. Rotasyon kapsam\u0131nda Buharkent \u0130l\u00e7e Milli E\u011fitim M\u00fcd\u00fcrl\u00fc\u011f\u00fc\u2019ne Mehmet Karada\u011f atan\u0131rken, Bozdo\u011fan \u0130l\u00e7e Milli E\u011fitim M\u00fcd\u00fcrl\u00fc\u011f\u00fc g\u00f6revine Osman Ar\u0131ko\u011flu getirildi. Didim\u2019e Mustafa \u00c7al\u0131\u015fkan, Efeler\u2019e Ali \u00c7omruk, \u00c7ine\u2019ye Kemal \u00c7ift\u00e7i ve S\u00f6ke\u2019ye Hakan \u00d6zcan g\u00f6revlendirildi. Karacasu \u0130l\u00e7e Milli E\u011fitim M\u00fcd\u00fcrl\u00fc\u011f\u00fc g\u00f6revine \u015eakir Sait \u00dcst\u00fcnda\u011f atan\u0131rken, Karpuzlu\u2019ya Selim Karata\u015f, K\u00f6\u015fk\u2019e Ayd\u0131n Sar\u0131ba\u015f getirildi. Ku\u015fadas\u0131 \u0130l\u00e7e Milli E\u011fitim M\u00fcd\u00fcrl\u00fc\u011f\u00fc\u2019ne \u015eerafettin Yap\u0131c\u0131, Ko\u00e7arl\u0131\u2019ya Cemal A\u011f\u0131rol, Kuyucak\u2019a \u0130smail \u015eim\u015fek g\u00f6revlendirildi. Kararname kapsam\u0131nda Sultanhisar\u2019da Mehmet Madran, Nazilli\u2019de Erdin\u00e7 G\u00fcner, Yenipazar\u2019da \u0130brahim Ataman, \u0130ncirliova\u2019da Sad\u0131k Yavuzkan ve Germencik\u2019te A\u015fk\u0131n G\u00fcne\u015f il\u00e7e milli e\u011fitim m\u00fcd\u00fcrl\u00fc\u011f\u00fc g\u00f6revine getirildi.<br \/><\/p>\n","protected":false},"excerpt":{"rendered":"<p>Ayd\u0131n\u2019da g\u00f6rev yapan 17 il\u00e7e milli e\u011fitim m\u00fcd\u00fcr\u00fcn\u00fcn g\u00f6rev yerleri de\u011fi\u015ftirildi. E\u011fitim y\u00f6netiminde kapsaml\u0131 bir de\u011fi\u015fiklik s\u00fcreci ba\u015flat\u0131lan Ayd\u0131n\u2019da, uzun s\u00fcredir ayn\u0131 il\u00e7elerde g\u00f6rev yapan m\u00fcd\u00fcrlerin b\u00fcy\u00fck b\u00f6l\u00fcm\u00fc farkl\u0131 il\u00e7elere kayd\u0131r\u0131ld\u0131. Karar do\u011frultusunda baz\u0131 il\u00e7elere yeni isimler atan\u0131rken, baz\u0131 okul m\u00fcd\u00fcrleri de il\u00e7e milli e\u011fitim m\u00fcd\u00fcrl\u00fc\u011f\u00fc g\u00f6revine getirildi. Rotasyon kapsam\u0131nda Buharkent \u0130l\u00e7e Milli E\u011fitim M\u00fcd\u00fcrl\u00fc\u011f\u00fc\u2019ne&#8230;<\/p>\n","protected":false},"author":1,"featured_media":90667,"comment_status":"open","ping_status":"open","sticky":false,"template":"","format":"standard","meta":{"_crdt_document":"","footnotes":""},"categories":[1],"tags":[],"class_list":["post-90666","post","type-post","status-publish","format-standard","has-post-thumbnail","hentry","category-guncel"],"_links":{"self":[{"href":"https:\/\/www.egemtv.com\/index.php?rest_route=\/wp\/v2\/posts\/90666","targetHints":{"allow":["GET"]}}],"collection":[{"href":"https:\/\/www.egemtv.com\/index.php?rest_route=\/wp\/v2\/posts"}],"about":[{"href":"https:\/\/www.egemtv.com\/index.php?rest_route=\/wp\/v2\/types\/post"}],"author":[{"embeddable":true,"href":"https:\/\/www.egemtv.com\/index.php?rest_route=\/wp\/v2\/users\/1"}],"replies":[{"embeddable":true,"href":"https:\/\/www.egemtv.com\/index.php?rest_route=%2Fwp%2Fv2%2Fcomments&post=90666"}],"version-history":[{"count":1,"href":"https:\/\/www.egemtv.com\/index.php?rest_route=\/wp\/v2\/posts\/90666\/revisions"}],"predecessor-version":[{"id":90668,"href":"https:\/\/www.egemtv.com\/index.php?rest_route=\/wp\/v2\/posts\/90666\/revisions\/90668"}],"wp:featuredmedia":[{"embeddable":true,"href":"https:\/\/www.egemtv.com\/index.php?rest_route=\/wp\/v2\/media\/90667"}],"wp:attachment":[{"href":"https:\/\/www.egemtv.com\/index.php?rest_route=%2Fwp%2Fv2%2Fmedia&parent=90666"}],"wp:term":[{"taxonomy":"category","embeddable":true,"href":"https:\/\/www.egemtv.com\/index.php?rest_route=%2Fwp%2Fv2%2Fcategories&post=90666"},{"taxonomy":"post_tag","embeddable":true,"href":"https:\/\/www.egemtv.com\/index.php?rest_route=%2Fwp%2Fv2%2Ftags&post=90666"}],"curies":[{"name":"wp","href":"https:\/\/api.w.org\/{rel}","templated":true}]}}