{"id":90663,"date":"2026-02-26T16:15:33","date_gmt":"2026-02-26T13:15:33","guid":{"rendered":"https:\/\/www.egemtv.com\/?p=90663"},"modified":"2026-02-26T16:15:34","modified_gmt":"2026-02-26T13:15:34","slug":"aydinin-yuksekleri-beyaza-burundu","status":"publish","type":"post","link":"https:\/\/www.egemtv.com\/?p=90663","title":{"rendered":"Ayd\u0131n\u2019\u0131n y\u00fcksekleri beyaza b\u00fcr\u00fcnd\u00fc"},"content":{"rendered":"<p>Ayd\u0131n y\u00fcksdek kesimlerinde etkili olan kar ya\u011f\u0131\u015f\u0131 sonras\u0131 baz\u0131 mahalleler beyaza b\u00fcr\u00fcnd\u00fc.<\/p>\n<p>Ayd\u0131n\u2019da kent merkezinde par\u00e7al\u0131 bulutlu hava hakimken, y\u00fckseklerde ise sabah saatlerinde kar ya\u011f\u0131\u015f\u0131 etkili oldu. Hava s\u0131cakl\u0131klar\u0131n\u0131n d\u00fc\u015fmesi ile birlikte K\u00f6\u015fk\u2019\u00fcn Ak\u00e7ak\u00f6y, Sar\u0131\u00e7am mahallelerinde kar ya\u011f\u0131\u015f\u0131 etkili oldu. Sabah erken saatlerde ba\u015flayan ya\u011f\u0131\u015f\u0131n ard\u0131ndan y\u00fcksek kesimler beyaz \u00f6rt\u00fc ile kapland\u0131. Vatanda\u015flar ise o anlar\u0131 cep telefonu kameras\u0131 ile kaydetti.<\/p>\n<p>Ayd\u0131n\u2019da \u00f6n\u00fcm\u00fczdeki g\u00fcnlerde g\u00fcne\u015fli ve par\u00e7al\u0131 bulutlu bir havan\u0131n etkili olmas\u0131 beklenirken, hava s\u0131cakl\u0131klar\u0131nda ise d\u00fc\u015f\u00fc\u015f ya\u015fanaca\u011f\u0131 tahmin ediliyor.<br \/><\/p>\n","protected":false},"excerpt":{"rendered":"<p>Ayd\u0131n y\u00fcksdek kesimlerinde etkili olan kar ya\u011f\u0131\u015f\u0131 sonras\u0131 baz\u0131 mahalleler beyaza b\u00fcr\u00fcnd\u00fc. Ayd\u0131n\u2019da kent merkezinde par\u00e7al\u0131 bulutlu hava hakimken, y\u00fckseklerde ise sabah saatlerinde kar ya\u011f\u0131\u015f\u0131 etkili oldu. Hava s\u0131cakl\u0131klar\u0131n\u0131n d\u00fc\u015fmesi ile birlikte K\u00f6\u015fk\u2019\u00fcn Ak\u00e7ak\u00f6y, Sar\u0131\u00e7am mahallelerinde kar ya\u011f\u0131\u015f\u0131 etkili oldu. Sabah erken saatlerde ba\u015flayan ya\u011f\u0131\u015f\u0131n ard\u0131ndan y\u00fcksek kesimler beyaz \u00f6rt\u00fc ile kapland\u0131. Vatanda\u015flar ise o&#8230;<\/p>\n","protected":false},"author":1,"featured_media":90664,"comment_status":"open","ping_status":"open","sticky":false,"template":"","format":"standard","meta":{"_crdt_document":"","footnotes":""},"categories":[1],"tags":[],"class_list":["post-90663","post","type-post","status-publish","format-standard","has-post-thumbnail","hentry","category-guncel"],"_links":{"self":[{"href":"https:\/\/www.egemtv.com\/index.php?rest_route=\/wp\/v2\/posts\/90663","targetHints":{"allow":["GET"]}}],"collection":[{"href":"https:\/\/www.egemtv.com\/index.php?rest_route=\/wp\/v2\/posts"}],"about":[{"href":"https:\/\/www.egemtv.com\/index.php?rest_route=\/wp\/v2\/types\/post"}],"author":[{"embeddable":true,"href":"https:\/\/www.egemtv.com\/index.php?rest_route=\/wp\/v2\/users\/1"}],"replies":[{"embeddable":true,"href":"https:\/\/www.egemtv.com\/index.php?rest_route=%2Fwp%2Fv2%2Fcomments&post=90663"}],"version-history":[{"count":1,"href":"https:\/\/www.egemtv.com\/index.php?rest_route=\/wp\/v2\/posts\/90663\/revisions"}],"predecessor-version":[{"id":90665,"href":"https:\/\/www.egemtv.com\/index.php?rest_route=\/wp\/v2\/posts\/90663\/revisions\/90665"}],"wp:featuredmedia":[{"embeddable":true,"href":"https:\/\/www.egemtv.com\/index.php?rest_route=\/wp\/v2\/media\/90664"}],"wp:attachment":[{"href":"https:\/\/www.egemtv.com\/index.php?rest_route=%2Fwp%2Fv2%2Fmedia&parent=90663"}],"wp:term":[{"taxonomy":"category","embeddable":true,"href":"https:\/\/www.egemtv.com\/index.php?rest_route=%2Fwp%2Fv2%2Fcategories&post=90663"},{"taxonomy":"post_tag","embeddable":true,"href":"https:\/\/www.egemtv.com\/index.php?rest_route=%2Fwp%2Fv2%2Ftags&post=90663"}],"curies":[{"name":"wp","href":"https:\/\/api.w.org\/{rel}","templated":true}]}}