{"id":90660,"date":"2026-02-26T15:54:59","date_gmt":"2026-02-26T12:54:59","guid":{"rendered":"https:\/\/www.egemtv.com\/?p=90660"},"modified":"2026-02-26T15:55:00","modified_gmt":"2026-02-26T12:55:00","slug":"ak-parti-denizli-il-baskani-muhammet-subasioglu-yuzyilin-projesinde-hak-sahipleri-belirleniyor","status":"publish","type":"post","link":"https:\/\/www.egemtv.com\/?p=90660","title":{"rendered":"AK Parti Denizli \u0130l Ba\u015fkan\u0131 Muhammet Suba\u015f\u0131o\u011flu; &#8220;Y\u00fczy\u0131l\u0131n projesinde hak sahipleri belirleniyor&#8221;"},"content":{"rendered":"<p>AK Parti Denizli \u0130l Ba\u015fkan\u0131 Muhammet Suba\u015f\u0131o\u011flu, Cumhuriyet tarihinin en b\u00fcy\u00fck sosyal konut hamlesi olan &#8220;Y\u00fczy\u0131l\u0131n Konut Projesi&#8221; kapsam\u0131nda Denizli hak sahiplerinin belirlenece\u011fi kura \u00e7ekili\u015f t\u00f6reninin m\u00fcjdesini verdi.<\/p>\n<p>Denizli\u2019de binlerce aileyi ev sahibi yapacak olan 500 bin sosyal konut projesinde kura \u00e7ekili\u015f yap\u0131lacak. AK Parti Denizli \u0130l Ba\u015fkan\u0131 Muhammet Suba\u015f\u0131o\u011flu taraf\u0131ndan yap\u0131lan a\u00e7\u0131klamada, merakla beklenen kura \u00e7ekim t\u00f6reninin Sanayi ve Teknoloji Bakan\u0131 Mehmet Fatih Kac\u0131r\u2019\u0131n kat\u0131l\u0131m\u0131yla ger\u00e7ekle\u015ftirilece\u011fi duyuruldu.<\/p>\n<p>&#8220;Y\u00fczy\u0131l\u0131n projesinde hak sahipleri belirleniyor&#8221;<br \/>\n<br \/>Projenin dar gelirli vatanda\u015flar\u0131n konut ihtiyac\u0131n\u0131 kar\u015f\u0131lamada tarihi bir ad\u0131m oldu\u011funu vurgulayan AK Parti \u0130l Ba\u015fkan\u0131 Suba\u015f\u0131o\u011flu, &#8220;Cumhurba\u015fkan\u0131m\u0131z Say\u0131n Recep Tayyip Erdo\u011fan\u2019\u0131n liderli\u011finde ba\u015flat\u0131lan \u2019Y\u00fczy\u0131l\u0131n Konut Projesi\u2019 ile Denizli\u2019mizde binlerce vatanda\u015f\u0131m\u0131z\u0131 s\u0131cak yuvalar\u0131na kavu\u015fturuyoruz. Bu b\u00fcy\u00fck heyecan\u0131, Sanayi ve Teknoloji Bakan\u0131m\u0131z Say\u0131n Mehmet Fatih Kac\u0131r\u2019\u0131n te\u015frifleriyle d\u00fczenleyece\u011fimiz kura t\u00f6reniyle ta\u00e7land\u0131raca\u011f\u0131z&#8221; dedi.<\/p>\n<p>Kura \u00e7ekimi ne zaman?<br \/>\n<br \/>Kura \u00e7ekimi Pamukkale \u00dcniversitesi Prof. Dr. H\u00fcseyin Y\u0131lmaz Kongre ve K\u00fclt\u00fcr Merkezi\u2019nde 27 \u015eubat 2026\u2019da  Cuma g\u00fcn\u00fc saat 14:30\u2019da ger\u00e7ekle\u015ftirilecek.<br \/><\/p>\n","protected":false},"excerpt":{"rendered":"<p>AK Parti Denizli \u0130l Ba\u015fkan\u0131 Muhammet Suba\u015f\u0131o\u011flu, Cumhuriyet tarihinin en b\u00fcy\u00fck sosyal konut hamlesi olan &#8220;Y\u00fczy\u0131l\u0131n Konut Projesi&#8221; kapsam\u0131nda Denizli hak sahiplerinin belirlenece\u011fi kura \u00e7ekili\u015f t\u00f6reninin m\u00fcjdesini verdi. Denizli\u2019de binlerce aileyi ev sahibi yapacak olan 500 bin sosyal konut projesinde kura \u00e7ekili\u015f yap\u0131lacak. AK Parti Denizli \u0130l Ba\u015fkan\u0131 Muhammet Suba\u015f\u0131o\u011flu taraf\u0131ndan yap\u0131lan a\u00e7\u0131klamada, merakla beklenen&#8230;<\/p>\n","protected":false},"author":1,"featured_media":90661,"comment_status":"open","ping_status":"open","sticky":false,"template":"","format":"standard","meta":{"_crdt_document":"","footnotes":""},"categories":[125],"tags":[],"class_list":["post-90660","post","type-post","status-publish","format-standard","has-post-thumbnail","hentry","category-ekonomi"],"_links":{"self":[{"href":"https:\/\/www.egemtv.com\/index.php?rest_route=\/wp\/v2\/posts\/90660","targetHints":{"allow":["GET"]}}],"collection":[{"href":"https:\/\/www.egemtv.com\/index.php?rest_route=\/wp\/v2\/posts"}],"about":[{"href":"https:\/\/www.egemtv.com\/index.php?rest_route=\/wp\/v2\/types\/post"}],"author":[{"embeddable":true,"href":"https:\/\/www.egemtv.com\/index.php?rest_route=\/wp\/v2\/users\/1"}],"replies":[{"embeddable":true,"href":"https:\/\/www.egemtv.com\/index.php?rest_route=%2Fwp%2Fv2%2Fcomments&post=90660"}],"version-history":[{"count":1,"href":"https:\/\/www.egemtv.com\/index.php?rest_route=\/wp\/v2\/posts\/90660\/revisions"}],"predecessor-version":[{"id":90662,"href":"https:\/\/www.egemtv.com\/index.php?rest_route=\/wp\/v2\/posts\/90660\/revisions\/90662"}],"wp:featuredmedia":[{"embeddable":true,"href":"https:\/\/www.egemtv.com\/index.php?rest_route=\/wp\/v2\/media\/90661"}],"wp:attachment":[{"href":"https:\/\/www.egemtv.com\/index.php?rest_route=%2Fwp%2Fv2%2Fmedia&parent=90660"}],"wp:term":[{"taxonomy":"category","embeddable":true,"href":"https:\/\/www.egemtv.com\/index.php?rest_route=%2Fwp%2Fv2%2Fcategories&post=90660"},{"taxonomy":"post_tag","embeddable":true,"href":"https:\/\/www.egemtv.com\/index.php?rest_route=%2Fwp%2Fv2%2Ftags&post=90660"}],"curies":[{"name":"wp","href":"https:\/\/api.w.org\/{rel}","templated":true}]}}