{"id":90657,"date":"2026-02-26T15:54:59","date_gmt":"2026-02-26T12:54:59","guid":{"rendered":"https:\/\/www.egemtv.com\/?p=90657"},"modified":"2026-02-26T15:54:59","modified_gmt":"2026-02-26T12:54:59","slug":"dtodan-enerji-olcumleriyle-verimlilik-projesi","status":"publish","type":"post","link":"https:\/\/www.egemtv.com\/?p=90657","title":{"rendered":"DTO\u2019dan enerji \u00f6l\u00e7\u00fcmleriyle verimlilik projesi"},"content":{"rendered":"<p>Denizli Ticaret Odas\u0131 (DTO) taraf\u0131ndan haz\u0131rlanan Enerji \u00d6l\u00e7\u00fcmleriyle Verimlilik Projesi, G\u00fcney Ege Kalk\u0131nma Ajans\u0131\u2019n\u0131n (GEKA) 2025 Y\u0131l\u0131 Teknik Destek Program\u0131 kapsam\u0131nda desteklenmeye hak kazand\u0131. DTO ba\u015fkanl\u0131k makam\u0131nda, projeye y\u00f6nelik destek s\u00f6zle\u015fmesini DTO Ba\u015fkan\u0131 U\u011fur Erdo\u011fan ile GEKA Genel Sekreteri \u00dcmit G\u00fclya\u011f\u0131 imzalad\u0131.<br \/>\n<br \/>Denizli Ticaret Odas\u0131 (DTO) taraf\u0131ndan geli\u015ftirilen Enerji \u00d6l\u00e7\u00fcmleriyle Verimlilik Projesi, G\u00fcney Ege Kalk\u0131nma Ajans\u0131\u2019n\u0131n (GEKA) 2025 Y\u0131l\u0131 Teknik Destek Program\u0131 \u00e7er\u00e7evesinde destek almaya hak kazand\u0131. Projeye ili\u015fkin destek s\u00f6zle\u015fmesi, DTO Ba\u015fkanl\u0131k Makam\u0131\u2019nda d\u00fczenlenen t\u00f6rende DTO Ba\u015fkan\u0131 U\u011fur Erdo\u011fan ile GEKA Genel Sekreteri \u00dcmit G\u00fclya\u011f\u0131 taraf\u0131ndan imza alt\u0131na al\u0131nd\u0131. Proje ile Denizli\u2019de ba\u015fta imalat ve tekstil sekt\u00f6r\u00fc olmak \u00fczere KOB\u0130\u2019lerin enerji verimlili\u011fi kapasitelerinin art\u0131r\u0131lmas\u0131, enerji maliyetlerinin d\u00fc\u015f\u00fcr\u00fclmesi ve s\u00fcrd\u00fcr\u00fclebilir \u00fcretim anlay\u0131\u015f\u0131n\u0131n yayg\u0131nla\u015ft\u0131r\u0131lmas\u0131 hedeflendi. G\u00fcney Ege Kalk\u0131nma Ajans\u0131 (GEKA) Genel Sekreteri \u00dcmit G\u00fclya\u011f\u0131 ile DTO Ba\u015fkan\u0131 U\u011fur Erdo\u011fan, GEKA\u2019n\u0131n 2025 Y\u0131l\u0131 Teknik Destek Programlar\u0131 kapsam\u0131na al\u0131nan Enerji \u00d6l\u00e7\u00fcmleri ile Verimlilik Projesi\u2019ne dair destek s\u00f6zle\u015fmesini imzalar\u0131n\u0131n ard\u0131ndan a\u00e7\u0131klamalarda bulundular.<br \/>\n<br \/>Firmalara enerji verimlili\u011fi e\u011fitimi ve dan\u0131\u015fmanl\u0131k deste\u011fi verilecek<br \/>\n<br \/>GEKA Genel Sekreteri G\u00fclya\u011f\u0131, &#8220;\u0130\u015fletmelerimizin enerji verimlili\u011fini art\u0131rmak i\u00e7in tekstil ve imalat ba\u015fta olmak \u00fczere farkl\u0131 sekt\u00f6rlerden 40 firmam\u0131z 12 saatlik enerji verimlili\u011fi e\u011fitimi alacak ve bunlar\u0131n aras\u0131ndan yetkin 16 firmam\u0131za da dan\u0131\u015fmanl\u0131k deste\u011fi verilecek. G\u00fczel bir i\u015fe imza att\u0131k. Hay\u0131rl\u0131 olsun&#8221; dedi.<br \/>\n<br \/>Ba\u015fkan Erdo\u011fan, &#8220;Denizli teknik tekstil merkezimizin profesyonel cihazlar\u0131 ile uzman ekibi hizmet edecek&#8221;<br \/>\n<br \/>DTO Y\u00f6netim Kurulu Ba\u015fkan\u0131 U\u011fur Erdo\u011fan ise enerji \u00f6l\u00e7\u00fcm ve dan\u0131\u015fmanl\u0131\u011f\u0131 ile de Denizli Ticaret Odas\u0131\u2019n\u0131n \u00fcyelerine hizmet veren Denizli Teknik Tekstil Merkezlerindeki (DTTM) profesyonel cihazlarla y\u00fcr\u00fct\u00fclecek projeleri ile, \u00fcyelerinin enerji maliyetlerini azaltmay\u0131 hedeflediklerine dikkat \u00e7ekti. Ba\u015fkan Erdo\u011fan, &#8220;Firmalar\u0131m\u0131z\u0131n \u00fcretim s\u00fcre\u00e7lerinde kullan\u0131lan makine ve sistemlerde enerji \u00f6l\u00e7\u00fcm cihazlar\u0131yla yerinde \u00f6l\u00e7\u00fcmler yap\u0131larak kay\u0131p ve ka\u00e7aklar tespit edilecek. Enerji et\u00fctleri ortaya \u00e7\u0131kar\u0131larak raporlar\u0131 haz\u0131rlanacak ve y\u00fczde 15\u2019e varan seviyede enerji tasarrufu sa\u011flayabilmeleri i\u00e7in rehberlik edece\u011fiz. Maliyetlerinde d\u00fc\u015f\u00fcr\u00fclmesi anlam\u0131nda da \u00f6nemli bir katk\u0131 sa\u011flayaca\u011f\u0131z. E\u011fitimlerimiz ise Buhar Sistemlerinde Enerji Verimlili\u011fi, Bas\u0131n\u00e7l\u0131 Hava Sistemlerinde Enerji Verimlili\u011fi, Su Verimlili\u011fi Uygulamalar\u0131, Santrif\u00fcj Pompalarda Enerji Verimlili\u011fi ba\u015fl\u0131klar\u0131nda ve alan\u0131nda uzman e\u011fitmenlerimiz taraf\u0131ndan ger\u00e7ekle\u015ftirilecek. Herkese hay\u0131rl\u0131 ve u\u011furlu olsun&#8221; diye konu\u015ftu.<br \/>\n<br \/>DTO; \u00f6rnek te\u015fkil eden projesi ile \u00fcyelerine yaln\u0131zca teorik bilgi de\u011fil \u00f6l\u00e7\u00fcm, analiz ve uygulamaya dayal\u0131 somut \u00e7\u00f6z\u00fcmler sunarak enerji verimlili\u011fi alan\u0131nda kal\u0131c\u0131 bir d\u00f6n\u00fc\u015f\u00fcm sa\u011flamay\u0131 hedefledi.<br \/><\/p>\n","protected":false},"excerpt":{"rendered":"<p>Denizli Ticaret Odas\u0131 (DTO) taraf\u0131ndan haz\u0131rlanan Enerji \u00d6l\u00e7\u00fcmleriyle Verimlilik Projesi, G\u00fcney Ege Kalk\u0131nma Ajans\u0131\u2019n\u0131n (GEKA) 2025 Y\u0131l\u0131 Teknik Destek Program\u0131 kapsam\u0131nda desteklenmeye hak kazand\u0131. DTO ba\u015fkanl\u0131k makam\u0131nda, projeye y\u00f6nelik destek s\u00f6zle\u015fmesini DTO Ba\u015fkan\u0131 U\u011fur Erdo\u011fan ile GEKA Genel Sekreteri \u00dcmit G\u00fclya\u011f\u0131 imzalad\u0131. Denizli Ticaret Odas\u0131 (DTO) taraf\u0131ndan geli\u015ftirilen Enerji \u00d6l\u00e7\u00fcmleriyle Verimlilik Projesi, G\u00fcney Ege Kalk\u0131nma&#8230;<\/p>\n","protected":false},"author":1,"featured_media":90658,"comment_status":"open","ping_status":"open","sticky":false,"template":"","format":"standard","meta":{"_crdt_document":"","footnotes":""},"categories":[125],"tags":[],"class_list":["post-90657","post","type-post","status-publish","format-standard","has-post-thumbnail","hentry","category-ekonomi"],"_links":{"self":[{"href":"https:\/\/www.egemtv.com\/index.php?rest_route=\/wp\/v2\/posts\/90657","targetHints":{"allow":["GET"]}}],"collection":[{"href":"https:\/\/www.egemtv.com\/index.php?rest_route=\/wp\/v2\/posts"}],"about":[{"href":"https:\/\/www.egemtv.com\/index.php?rest_route=\/wp\/v2\/types\/post"}],"author":[{"embeddable":true,"href":"https:\/\/www.egemtv.com\/index.php?rest_route=\/wp\/v2\/users\/1"}],"replies":[{"embeddable":true,"href":"https:\/\/www.egemtv.com\/index.php?rest_route=%2Fwp%2Fv2%2Fcomments&post=90657"}],"version-history":[{"count":1,"href":"https:\/\/www.egemtv.com\/index.php?rest_route=\/wp\/v2\/posts\/90657\/revisions"}],"predecessor-version":[{"id":90659,"href":"https:\/\/www.egemtv.com\/index.php?rest_route=\/wp\/v2\/posts\/90657\/revisions\/90659"}],"wp:featuredmedia":[{"embeddable":true,"href":"https:\/\/www.egemtv.com\/index.php?rest_route=\/wp\/v2\/media\/90658"}],"wp:attachment":[{"href":"https:\/\/www.egemtv.com\/index.php?rest_route=%2Fwp%2Fv2%2Fmedia&parent=90657"}],"wp:term":[{"taxonomy":"category","embeddable":true,"href":"https:\/\/www.egemtv.com\/index.php?rest_route=%2Fwp%2Fv2%2Fcategories&post=90657"},{"taxonomy":"post_tag","embeddable":true,"href":"https:\/\/www.egemtv.com\/index.php?rest_route=%2Fwp%2Fv2%2Ftags&post=90657"}],"curies":[{"name":"wp","href":"https:\/\/api.w.org\/{rel}","templated":true}]}}