{"id":90654,"date":"2026-02-26T15:54:58","date_gmt":"2026-02-26T12:54:58","guid":{"rendered":"https:\/\/www.egemtv.com\/?p=90654"},"modified":"2026-02-26T15:54:58","modified_gmt":"2026-02-26T12:54:58","slug":"denizli-il-saglik-mudurlugunden-saglikli-menopoz-okulu-projesi","status":"publish","type":"post","link":"https:\/\/www.egemtv.com\/?p=90654","title":{"rendered":"Denizli \u0130l Sa\u011fl\u0131k M\u00fcd\u00fcrl\u00fc\u011f\u00fc\u2019nden \u2018Sa\u011fl\u0131kl\u0131 Menopoz Okulu\u2019 projesi"},"content":{"rendered":"<p>Denizli \u0130l Sa\u011fl\u0131k M\u00fcd\u00fcrl\u00fc\u011f\u00fc taraf\u0131ndan, kad\u0131n sa\u011fl\u0131\u011f\u0131n\u0131n korunmas\u0131 ve menopozun do\u011fal ve y\u00f6netilebilir bir ya\u015fam s\u00fcreci oldu\u011funa dikkat \u00e7ekmek amac\u0131yla Pamukkale, Merkezefendi ve Ac\u0131payam Sa\u011fl\u0131kl\u0131 Hayat Merkezlerinde \u2018Sa\u011fl\u0131kl\u0131 Menopoz Okulu\u2019 e\u011fitim program\u0131 ba\u015flat\u0131ld\u0131.<\/p>\n<p>Sa\u011fl\u0131k Bakanl\u0131\u011f\u0131 taraf\u0131ndan, kad\u0131nlar\u0131n menopoz s\u00fcreciyle ilgili do\u011fru bilgiye ula\u015fmalar\u0131n\u0131n sa\u011flanmas\u0131 ve bu d\u00f6nemde kar\u015f\u0131la\u015fabilecekleri sa\u011fl\u0131k sorunlar\u0131 ile sa\u011fl\u0131kl\u0131 ya\u015fam tarz\u0131 de\u011fi\u015fiklikleri hakk\u0131nda bilgilendirilmeleri amac\u0131yla T\u00fcrkiye\u2019de Sa\u011fl\u0131kl\u0131 Menopoz Okulu projesi hayata ge\u00e7irildi. Bu kapsam\u0131nda Denizli\u2019de de Sa\u011fl\u0131kl\u0131 Hayat Merkezlerinde e\u011fitimler verilmeye ba\u015fland\u0131.  E\u011fitim program\u0131 kapsam\u0131nda menopozun biyolojik temellerini anlamak, s\u00fcrecin fiziksel etkilerini tan\u0131mak ve sa\u011fl\u0131kl\u0131 ya\u015fama dair bilgiler edinmek, ruh sa\u011fl\u0131\u011f\u0131 konusunda fark\u0131ndal\u0131\u011f\u0131 artt\u0131rarak bu d\u00f6nemin sa\u011fl\u0131kl\u0131 ve bilin\u00e7li bir \u015fekilde y\u00f6netilmesini sa\u011flamak, menopoz d\u00f6neminde sa\u011fl\u0131kl\u0131 beslenme al\u0131\u015fkanl\u0131klar\u0131 kazanmak, fiziksel aktiviteye \u00f6nem vermek ve kronik hastal\u0131klardan korunma y\u00f6ntemleri hakk\u0131nda bilgilendirmeler yap\u0131l\u0131yor. Alan\u0131nda uzman sa\u011fl\u0131k \u00e7al\u0131\u015fanlar\u0131 taraf\u0131ndan verilen e\u011fitimlerde kad\u0131nlar\u0131n bu s\u00fcreci sa\u011fl\u0131kl\u0131, bilin\u00e7li ve aktif bir \u015fekilde ge\u00e7irmeleri hedefleniyor.<\/p>\n<p>Denizli \u0130l Sa\u011fl\u0131k M\u00fcd\u00fcr\u00fc Uz. Dr. Berna \u00d6zt\u00fcrk, Sa\u011fl\u0131k Bakanl\u0131\u011f\u0131\u2019n\u0131n temel ama\u00e7lar\u0131ndan birinin ilk regl d\u00f6neminden menopoza kadar kad\u0131n sa\u011fl\u0131\u011f\u0131n\u0131n her d\u00f6nemde korunmas\u0131, desteklenmesi ve s\u00fcrd\u00fcr\u00fclmesi i\u00e7in bilimsel veriler \u0131\u015f\u0131\u011f\u0131nda sa\u011fl\u0131k hizmeti sunumunun yan\u0131 s\u0131ra e\u011fitim ve dan\u0131\u015fmanl\u0131k hizmeti verilmesi oldu\u011funu s\u00f6yleyerek; &#8220;Menopoz g\u00fcn\u00fcm\u00fczde artan ya\u015fam s\u00fcresi ile birlikte bir kad\u0131n\u0131n ya\u015fam\u0131n\u0131n \u00fc\u00e7te birlik d\u00f6nemini kapsayan do\u011fal bir s\u00fcre\u00e7tir. Ancak menopoz d\u00f6neminde ya\u015fanan fiziksel, hormonal ve duygusal\/psikolojik de\u011fi\u015fimler ile ilgili kad\u0131nlar\u0131n bilgi aray\u0131\u015f\u0131 ve bu de\u011fi\u015fimlere \u00e7\u00f6z\u00fcm bulma ihtiyac\u0131 artmaktad\u0131r. Bu nedenle kad\u0131nlar\u0131n menopoz ile ilgili do\u011fru bilgiye ula\u015fmalar\u0131n\u0131n sa\u011flanmas\u0131 ve bu d\u00f6nemde kar\u015f\u0131la\u015fabilecekleri sa\u011fl\u0131k sorunlar\u0131 ile sa\u011fl\u0131kl\u0131 ya\u015fam tarz\u0131 de\u011fi\u015fiklikleri hakk\u0131nda bilgilendirilmesine ihtiya\u00e7 bulunmaktad\u0131r. Bu kapsamda Sa\u011fl\u0131k Bakanl\u0131\u011f\u0131m\u0131z taraf\u0131ndan Sa\u011fl\u0131kl\u0131 Hayat Merkezlerinde; &#8220;Sa\u011fl\u0131kl\u0131 Menopoz Okulu&#8221; kurulmas\u0131 i\u00e7in 2025 y\u0131l\u0131 sonunda \u00e7al\u0131\u015fma ba\u015flat\u0131lm\u0131\u015f olup, Denizli\u2019de de Pamukkale, Merkezefendi ve Ac\u0131payam Sa\u011f\u0131l\u0131kl\u0131 Hayat Merkezlerimizde Sa\u011fl\u0131kl\u0131 Menopoz Okullar\u0131 a\u00e7\u0131larak faaliyetlerine ba\u015flam\u0131\u015ft\u0131r. Menopoz d\u00f6nemini daha sa\u011fl\u0131kl\u0131, bilin\u00e7li ve konforlu ge\u00e7irmek isteyen t\u00fcm kad\u0131nlar\u0131 Sa\u011fl\u0131kl\u0131 Hayat Merkezlerimizde alan\u0131nda uzman hekim, ebe, psikolog, fizyoterapist ve diyetisyen taraf\u0131ndan y\u00fcr\u00fct\u00fclen Menopoz Okullar\u0131na bekliyoruz&#8221; dedi.<br \/><\/p>\n","protected":false},"excerpt":{"rendered":"<p>Denizli \u0130l Sa\u011fl\u0131k M\u00fcd\u00fcrl\u00fc\u011f\u00fc taraf\u0131ndan, kad\u0131n sa\u011fl\u0131\u011f\u0131n\u0131n korunmas\u0131 ve menopozun do\u011fal ve y\u00f6netilebilir bir ya\u015fam s\u00fcreci oldu\u011funa dikkat \u00e7ekmek amac\u0131yla Pamukkale, Merkezefendi ve Ac\u0131payam Sa\u011fl\u0131kl\u0131 Hayat Merkezlerinde \u2018Sa\u011fl\u0131kl\u0131 Menopoz Okulu\u2019 e\u011fitim program\u0131 ba\u015flat\u0131ld\u0131. Sa\u011fl\u0131k Bakanl\u0131\u011f\u0131 taraf\u0131ndan, kad\u0131nlar\u0131n menopoz s\u00fcreciyle ilgili do\u011fru bilgiye ula\u015fmalar\u0131n\u0131n sa\u011flanmas\u0131 ve bu d\u00f6nemde kar\u015f\u0131la\u015fabilecekleri sa\u011fl\u0131k sorunlar\u0131 ile sa\u011fl\u0131kl\u0131 ya\u015fam tarz\u0131 de\u011fi\u015fiklikleri&#8230;<\/p>\n","protected":false},"author":1,"featured_media":90655,"comment_status":"open","ping_status":"open","sticky":false,"template":"","format":"standard","meta":{"_crdt_document":"","footnotes":""},"categories":[2],"tags":[],"class_list":["post-90654","post","type-post","status-publish","format-standard","has-post-thumbnail","hentry","category-saglik"],"_links":{"self":[{"href":"https:\/\/www.egemtv.com\/index.php?rest_route=\/wp\/v2\/posts\/90654","targetHints":{"allow":["GET"]}}],"collection":[{"href":"https:\/\/www.egemtv.com\/index.php?rest_route=\/wp\/v2\/posts"}],"about":[{"href":"https:\/\/www.egemtv.com\/index.php?rest_route=\/wp\/v2\/types\/post"}],"author":[{"embeddable":true,"href":"https:\/\/www.egemtv.com\/index.php?rest_route=\/wp\/v2\/users\/1"}],"replies":[{"embeddable":true,"href":"https:\/\/www.egemtv.com\/index.php?rest_route=%2Fwp%2Fv2%2Fcomments&post=90654"}],"version-history":[{"count":1,"href":"https:\/\/www.egemtv.com\/index.php?rest_route=\/wp\/v2\/posts\/90654\/revisions"}],"predecessor-version":[{"id":90656,"href":"https:\/\/www.egemtv.com\/index.php?rest_route=\/wp\/v2\/posts\/90654\/revisions\/90656"}],"wp:featuredmedia":[{"embeddable":true,"href":"https:\/\/www.egemtv.com\/index.php?rest_route=\/wp\/v2\/media\/90655"}],"wp:attachment":[{"href":"https:\/\/www.egemtv.com\/index.php?rest_route=%2Fwp%2Fv2%2Fmedia&parent=90654"}],"wp:term":[{"taxonomy":"category","embeddable":true,"href":"https:\/\/www.egemtv.com\/index.php?rest_route=%2Fwp%2Fv2%2Fcategories&post=90654"},{"taxonomy":"post_tag","embeddable":true,"href":"https:\/\/www.egemtv.com\/index.php?rest_route=%2Fwp%2Fv2%2Ftags&post=90654"}],"curies":[{"name":"wp","href":"https:\/\/api.w.org\/{rel}","templated":true}]}}