{"id":90651,"date":"2026-02-26T15:54:57","date_gmt":"2026-02-26T12:54:57","guid":{"rendered":"https:\/\/www.egemtv.com\/?p=90651"},"modified":"2026-02-26T15:54:58","modified_gmt":"2026-02-26T12:54:58","slug":"baskan-dogan-muhtarlarla-iftarda-bir-araya-geldi","status":"publish","type":"post","link":"https:\/\/www.egemtv.com\/?p=90651","title":{"rendered":"Ba\u015fkan Do\u011fan muhtarlarla iftarda bir araya geldi"},"content":{"rendered":"<p>Merkezefendi Belediye Ba\u015fkan\u0131 \u015eeniz Do\u011fan, muhtarlar ve aileleriyle iftar program\u0131nda bir araya geldi. Ba\u015fkan Do\u011fan, &#8220;Merkezefendimiz i\u00e7in muhtarlar\u0131m\u0131zla birlikte, b\u00fcy\u00fck bir uyum i\u00e7inde \u00e7al\u0131\u015fmaya devam edece\u011fiz&#8221; dedi.<\/p>\n<p>Merkezefendi Belediyesi taraf\u0131ndan il\u00e7ede g\u00f6rev yapan muhtarlar ve aileleri i\u00e7in iftar program\u0131 d\u00fczenlendi. Merkezefendi Belediye Ba\u015fkan\u0131 \u015eeniz Do\u011fan, Bereketler Toplant\u0131 ve Sergi Salonu\u2019nda ger\u00e7ekle\u015ftirilen program\u0131nda muhtarlar ve aileleriyle bulu\u015ftu. \u0130ftar program\u0131nda, birlik ve dayan\u0131\u015fma duygusunun \u00f6nemi ve ortak ak\u0131l d\u00fc\u015f\u00fcncesiyle Merkezefendi\u2019ye hizmet etmek vurguland\u0131. \u0130ftar program\u0131na, Merkezefendi Kaymakam\u0131 Abdullah Demir, Denizli Muhtarlar Derne\u011fi Ba\u015fkan\u0131 Osman Y\u00fcreci, Merkezefendi Belediye Ba\u015fkan Yard\u0131mc\u0131lar\u0131 ve birim m\u00fcd\u00fcrleri de kat\u0131ld\u0131.<\/p>\n<p>&#8220;Merkezefendimiz, T\u00fcrkiye\u2019nin g\u00f6zde il\u00e7elerinden bir tanesi&#8221;<br \/>\n<br \/>Muhtarlarla birlikte uyum i\u00e7inde \u00e7al\u0131\u015ft\u0131klar\u0131n\u0131 belirten Merkezefendi Belediye Ba\u015fkan\u0131 \u015eeniz Do\u011fan, &#8220;\u0130l\u00e7emizin her mahallesinde eme\u011fi, s\u00f6z\u00fc ve sorumlulu\u011fu olan, hem\u015ferilerimizle aram\u0131zdaki ba\u011f\u0131 g\u00fc\u00e7lendiren k\u0131ymetli muhtarlar\u0131m\u0131z ve de\u011ferli aileleriyle iftar sofram\u0131zda bulu\u015ftuk. Yakla\u015f\u0131k yedi y\u0131ld\u0131r muhtarlar\u0131m\u0131zla beraber g\u00fczel bir yol y\u00fcr\u00fcyoruz. Merkezefendimiz giderek b\u00fcy\u00fcyen ve geli\u015fen bir il\u00e7e. Merkezefendi art\u0131k s\u0131n\u0131rlar\u0131 a\u015f\u0131yor, hem n\u00fcfus anlam\u0131nda hem de kentle\u015fme ve yap\u0131la\u015fma anlam\u0131nda. Merkezefendimiz, T\u00fcrkiye\u2019nin g\u00f6zde il\u00e7elerinden bir tanesi. Hem\u015fehrilerimizin talepleri ve istekleri oldu\u011fu zaman ilk muhtarlar\u0131m\u0131za geliyorlar. Onlar da bu \u00f6nerileri bizlere, ilgili kurumlara iletiyor. Hem\u015fehrilerimizle aram\u0131zda olduklar\u0131 k\u00f6pr\u00fc vazifesinin kolay olmad\u0131\u011f\u0131n\u0131, b\u00fcy\u00fck bir sorumluluk istedi\u011fini biliyoruz. 2019 y\u0131l\u0131ndan bu yana her bir muhtar\u0131m\u0131zla uyum i\u00e7inde \u00e7al\u0131\u015fmaya devam ediyoruz&#8221; dedi.<\/p>\n<p>&#8220;Ba\u015fkan\u0131m\u0131z her zaman bizlerin yan\u0131nda oldu&#8221;<br \/>\n<br \/>Denizli Muhtarlar Derne\u011fi Ba\u015fkan\u0131 Osman Y\u00fcreci, &#8220;Merkezefendi Belediye Ba\u015fkan\u0131 \u015eeniz Do\u011fan\u2019\u0131n geleneksel hale getirdi\u011fi iftar sofras\u0131nda bir araya geldik. \u015eeniz Ba\u015fkan\u0131m\u0131z her zaman bizlerin yan\u0131nda oldu. Bug\u00fcn de ailelerimizle birlikte bizi burada bir araya getirdi\u011fi i\u00e7in te\u015fekk\u00fcr ediyorum. Bu Ramazan ay\u0131 boyunca da ihtiya\u00e7 sahibi olan vatanda\u015flar\u0131m\u0131z i\u00e7in yo\u011fun bir \u015fekilde \u00e7al\u0131\u015ft\u0131k. Ramazan\u0131m\u0131z hay\u0131rl\u0131 olsun, \u015fimdiden Ramazan Bayram\u0131n\u0131z kutlu olsun. Hepinize te\u015fekk\u00fcr ediyorum&#8221; diye konu\u015ftu&#8221; diye konu\u015ftu.<\/p>\n<p>&#8220;Bizleri bu g\u00fczel g\u00fcnde bir araya getiren \u015eeniz Do\u011fan\u2019a te\u015fekk\u00fcr ediyorum&#8221;<br \/>\n<br \/>Merkezefendi Kaymakam\u0131 Abdullah Demir, &#8220;K\u0131ymetli muhtarlar\u0131m\u0131z ve aileleri hepimizi bu g\u00fczel g\u00fcnde burada bir araya getiren Merkezefendi Belediye Ba\u015fkan\u0131 \u015eeniz Do\u011fan\u2019a te\u015fekk\u00fcr ediyorum. Merkezefendi b\u00fcy\u00fcyen bir il\u00e7e T\u00fcrkiye genelinde de n\u00fcfus art\u0131\u015f\u0131 fazla olan bir il\u00e7e. Merkezefendi\u2019de genel d\u00fczeni korumak i\u00e7in beraber \u00e7al\u0131\u015f\u0131p birlikte hareket etmemiz gerekiyor. T\u00fcm hem\u015fehrilerimizin Ramazan\u2019\u0131 m\u00fcbarek olsun&#8221; ifadelerini kulland\u0131.<br \/><\/p>\n","protected":false},"excerpt":{"rendered":"<p>Merkezefendi Belediye Ba\u015fkan\u0131 \u015eeniz Do\u011fan, muhtarlar ve aileleriyle iftar program\u0131nda bir araya geldi. Ba\u015fkan Do\u011fan, &#8220;Merkezefendimiz i\u00e7in muhtarlar\u0131m\u0131zla birlikte, b\u00fcy\u00fck bir uyum i\u00e7inde \u00e7al\u0131\u015fmaya devam edece\u011fiz&#8221; dedi. Merkezefendi Belediyesi taraf\u0131ndan il\u00e7ede g\u00f6rev yapan muhtarlar ve aileleri i\u00e7in iftar program\u0131 d\u00fczenlendi. Merkezefendi Belediye Ba\u015fkan\u0131 \u015eeniz Do\u011fan, Bereketler Toplant\u0131 ve Sergi Salonu\u2019nda ger\u00e7ekle\u015ftirilen program\u0131nda muhtarlar ve aileleriyle&#8230;<\/p>\n","protected":false},"author":1,"featured_media":90652,"comment_status":"open","ping_status":"open","sticky":false,"template":"","format":"standard","meta":{"_crdt_document":"","footnotes":""},"categories":[123],"tags":[],"class_list":["post-90651","post","type-post","status-publish","format-standard","has-post-thumbnail","hentry","category-gundem"],"_links":{"self":[{"href":"https:\/\/www.egemtv.com\/index.php?rest_route=\/wp\/v2\/posts\/90651","targetHints":{"allow":["GET"]}}],"collection":[{"href":"https:\/\/www.egemtv.com\/index.php?rest_route=\/wp\/v2\/posts"}],"about":[{"href":"https:\/\/www.egemtv.com\/index.php?rest_route=\/wp\/v2\/types\/post"}],"author":[{"embeddable":true,"href":"https:\/\/www.egemtv.com\/index.php?rest_route=\/wp\/v2\/users\/1"}],"replies":[{"embeddable":true,"href":"https:\/\/www.egemtv.com\/index.php?rest_route=%2Fwp%2Fv2%2Fcomments&post=90651"}],"version-history":[{"count":1,"href":"https:\/\/www.egemtv.com\/index.php?rest_route=\/wp\/v2\/posts\/90651\/revisions"}],"predecessor-version":[{"id":90653,"href":"https:\/\/www.egemtv.com\/index.php?rest_route=\/wp\/v2\/posts\/90651\/revisions\/90653"}],"wp:featuredmedia":[{"embeddable":true,"href":"https:\/\/www.egemtv.com\/index.php?rest_route=\/wp\/v2\/media\/90652"}],"wp:attachment":[{"href":"https:\/\/www.egemtv.com\/index.php?rest_route=%2Fwp%2Fv2%2Fmedia&parent=90651"}],"wp:term":[{"taxonomy":"category","embeddable":true,"href":"https:\/\/www.egemtv.com\/index.php?rest_route=%2Fwp%2Fv2%2Fcategories&post=90651"},{"taxonomy":"post_tag","embeddable":true,"href":"https:\/\/www.egemtv.com\/index.php?rest_route=%2Fwp%2Fv2%2Ftags&post=90651"}],"curies":[{"name":"wp","href":"https:\/\/api.w.org\/{rel}","templated":true}]}}