{"id":90648,"date":"2026-02-26T15:54:56","date_gmt":"2026-02-26T12:54:56","guid":{"rendered":"https:\/\/www.egemtv.com\/?p=90648"},"modified":"2026-02-26T15:54:56","modified_gmt":"2026-02-26T12:54:56","slug":"burdurda-kayip-olarak-aranan-adam-aracinda-olu-bulundu","status":"publish","type":"post","link":"https:\/\/www.egemtv.com\/?p=90648","title":{"rendered":"Burdur\u2019da kay\u0131p olarak aranan adam arac\u0131nda \u00f6l\u00fc bulundu"},"content":{"rendered":"<p>Burdur\u2019un G\u00f6lhisar il\u00e7esinde ak\u015fam saatlerinden beri kay\u0131p olarak aranan adam, arazide arac\u0131n\u0131n i\u00e7erisinde t\u00fcfekle vurulmu\u015f halde \u00f6l\u00fc bulundu.<br \/>\n<br \/>Olay, sabah saatlerinde G\u00f6lhisar il\u00e7esi Karap\u0131nar mevkiinde meydana geldi. Edinilen bilgiye g\u00f6re, \u00c7.\u015e. (52) d\u00fcn evinden 15 HL 235 plakal\u0131 otomobili ile evinden ayr\u0131ld\u0131. Ak\u015fam saatlerinde evine gelmemesi \u00fczerine ailesi taraf\u0131ndan \u015eakman i\u00e7in kay\u0131p ba\u015fvurusunda bulunuldu. Sabah saatlerinde ise \u00c7.\u015e\u2019nin arac\u0131 b\u00f6lgede bulunan bir \u00e7oban taraf\u0131ndan bulundu. \u0130hbar \u00fczerine adrese sa\u011fl\u0131k ve jandarma ekipleri sevk edildi. Ekipler taraf\u0131ndan yap\u0131lan incelemede \u00c7.\u015e ara\u00e7 i\u00e7erisinde t\u00fcfekle vurulmu\u015f halde hayat\u0131n\u0131 kaybetti\u011fi belirlendi. Ekipler taraf\u0131ndan \u00c7.\u015e\u2019nin intihar etti\u011fi ihtimali \u00fczerinde durulurken, cans\u0131z bedeni yap\u0131lan incelemenin ard\u0131ndan morga kald\u0131r\u0131ld\u0131.<br \/>\n<br \/>Olayla ilgili tahkikat s\u00fcr\u00fcyor.<br \/><\/p>\n","protected":false},"excerpt":{"rendered":"<p>Burdur\u2019un G\u00f6lhisar il\u00e7esinde ak\u015fam saatlerinden beri kay\u0131p olarak aranan adam, arazide arac\u0131n\u0131n i\u00e7erisinde t\u00fcfekle vurulmu\u015f halde \u00f6l\u00fc bulundu. Olay, sabah saatlerinde G\u00f6lhisar il\u00e7esi Karap\u0131nar mevkiinde meydana geldi. Edinilen bilgiye g\u00f6re, \u00c7.\u015e. (52) d\u00fcn evinden 15 HL 235 plakal\u0131 otomobili ile evinden ayr\u0131ld\u0131. Ak\u015fam saatlerinde evine gelmemesi \u00fczerine ailesi taraf\u0131ndan \u015eakman i\u00e7in kay\u0131p ba\u015fvurusunda bulunuldu. Sabah&#8230;<\/p>\n","protected":false},"author":1,"featured_media":90649,"comment_status":"open","ping_status":"open","sticky":false,"template":"","format":"standard","meta":{"_crdt_document":"","footnotes":""},"categories":[5],"tags":[],"class_list":["post-90648","post","type-post","status-publish","format-standard","has-post-thumbnail","hentry","category-asayis"],"_links":{"self":[{"href":"https:\/\/www.egemtv.com\/index.php?rest_route=\/wp\/v2\/posts\/90648","targetHints":{"allow":["GET"]}}],"collection":[{"href":"https:\/\/www.egemtv.com\/index.php?rest_route=\/wp\/v2\/posts"}],"about":[{"href":"https:\/\/www.egemtv.com\/index.php?rest_route=\/wp\/v2\/types\/post"}],"author":[{"embeddable":true,"href":"https:\/\/www.egemtv.com\/index.php?rest_route=\/wp\/v2\/users\/1"}],"replies":[{"embeddable":true,"href":"https:\/\/www.egemtv.com\/index.php?rest_route=%2Fwp%2Fv2%2Fcomments&post=90648"}],"version-history":[{"count":1,"href":"https:\/\/www.egemtv.com\/index.php?rest_route=\/wp\/v2\/posts\/90648\/revisions"}],"predecessor-version":[{"id":90650,"href":"https:\/\/www.egemtv.com\/index.php?rest_route=\/wp\/v2\/posts\/90648\/revisions\/90650"}],"wp:featuredmedia":[{"embeddable":true,"href":"https:\/\/www.egemtv.com\/index.php?rest_route=\/wp\/v2\/media\/90649"}],"wp:attachment":[{"href":"https:\/\/www.egemtv.com\/index.php?rest_route=%2Fwp%2Fv2%2Fmedia&parent=90648"}],"wp:term":[{"taxonomy":"category","embeddable":true,"href":"https:\/\/www.egemtv.com\/index.php?rest_route=%2Fwp%2Fv2%2Fcategories&post=90648"},{"taxonomy":"post_tag","embeddable":true,"href":"https:\/\/www.egemtv.com\/index.php?rest_route=%2Fwp%2Fv2%2Ftags&post=90648"}],"curies":[{"name":"wp","href":"https:\/\/api.w.org\/{rel}","templated":true}]}}