{"id":90645,"date":"2026-02-26T15:34:54","date_gmt":"2026-02-26T12:34:54","guid":{"rendered":"https:\/\/www.egemtv.com\/?p=90645"},"modified":"2026-02-26T15:34:55","modified_gmt":"2026-02-26T12:34:55","slug":"efeler-belediyesinden-miniklere-afet-bilinci-egitimi","status":"publish","type":"post","link":"https:\/\/www.egemtv.com\/?p=90645","title":{"rendered":"Efeler Belediyesi\u2019nden miniklere afet bilinci e\u011fitimi"},"content":{"rendered":"<p>Efeler Belediyesi Afet \u0130\u015fleri M\u00fcd\u00fcrl\u00fc\u011f\u00fc ekipleri il\u00e7edeki \u00f6zel g\u00fcnd\u00fcz bak\u0131m evleri ile Efeler Belediyesi\u2019ne ait g\u00fcnd\u00fcz bak\u0131mevlerinde kapsaml\u0131 e\u011fitim ve tatbikat programlar\u0131 ger\u00e7ekle\u015ftirdi.<\/p>\n<p>Alan\u0131nda uzman personel taraf\u0131ndan verilen e\u011fitimlerde; deprem, yang\u0131n ve di\u011fer afet durumlar\u0131nda yap\u0131lmas\u0131 gerekenler hem teorik hem de uygulamal\u0131 olarak miniklere anlat\u0131ld\u0131. \u00c7ocuklar, afet an\u0131nda &#8220;\u00e7\u00f6k-kapan-tutun&#8221; hareketini nas\u0131l yapacaklar\u0131n\u0131 \u00f6\u011frenirken, g\u00fcvenli tahliye s\u00fcre\u00e7lerini de uygulamal\u0131 tatbikatlarla deneyimledi. E\u011fitimin her a\u015famas\u0131, \u00e7ocuklar\u0131n ya\u015f gruplar\u0131na uygun, sade ve anla\u015f\u0131l\u0131r bir dille ger\u00e7ekle\u015ftirildi.<\/p>\n<p>Ger\u00e7ekle\u015ftirilen tatbikatlar sayesinde minikler, afet an\u0131nda panik yapmak yerine do\u011fru davran\u0131\u015f bi\u00e7imlerini uygulamay\u0131 deneyimleme f\u0131rsat\u0131 buldu. E\u011fitim sonunda \u00e7ocuklara afet bilincini peki\u015ftirmeleri amac\u0131yla e\u011fitici boyama kitaplar\u0131 hediye edildi. Hem \u00f6\u011fretici hem de e\u011flenceli i\u00e7eriklerden olu\u015fan bu kitaplar, \u00e7ocuklar\u0131n \u00f6\u011frendiklerini kal\u0131c\u0131 hale getirmeyi ama\u00e7l\u0131yor.<\/p>\n<p>Veliler ve okul y\u00f6netimleri, ger\u00e7ekle\u015ftirilen e\u011fitimlerden duyduklar\u0131 memnuniyeti dile getirerek, erken ya\u015fta verilen afet bilinci e\u011fitiminin b\u00fcy\u00fck \u00f6nem ta\u015f\u0131d\u0131\u011f\u0131n\u0131 vurgulad\u0131. Aileler, \u00e7ocuklar\u0131n\u0131n g\u00fcvenli\u011fi i\u00e7in at\u0131lan bu ad\u0131mlar dolay\u0131s\u0131yla ba\u015fta Efeler Belediye Ba\u015fkan\u0131 An\u0131l Yeti\u015fkin olmak \u00fczere eme\u011fi ge\u00e7en t\u00fcm ekibe te\u015fekk\u00fcr etti.<\/p>\n<p>Efeler Belediyesi yetkilileri ise afetlere haz\u0131rl\u0131\u011f\u0131n k\u00fc\u00e7\u00fck ya\u015fta kazan\u0131lan bilin\u00e7le ba\u015flad\u0131\u011f\u0131n\u0131 belirterek, il\u00e7ede e\u011fitim \u00e7al\u0131\u015fmalar\u0131n\u0131n artarak devam edece\u011fini ifade etti. Toplumun her kesimine ula\u015fmay\u0131 hedefleyen m\u00fcd\u00fcrl\u00fck, daha g\u00fcvenli bir gelecek i\u00e7in \u00e7al\u0131\u015fmalar\u0131n\u0131 s\u00fcrd\u00fcr\u00fcyor.<br \/><\/p>\n","protected":false},"excerpt":{"rendered":"<p>Efeler Belediyesi Afet \u0130\u015fleri M\u00fcd\u00fcrl\u00fc\u011f\u00fc ekipleri il\u00e7edeki \u00f6zel g\u00fcnd\u00fcz bak\u0131m evleri ile Efeler Belediyesi\u2019ne ait g\u00fcnd\u00fcz bak\u0131mevlerinde kapsaml\u0131 e\u011fitim ve tatbikat programlar\u0131 ger\u00e7ekle\u015ftirdi. Alan\u0131nda uzman personel taraf\u0131ndan verilen e\u011fitimlerde; deprem, yang\u0131n ve di\u011fer afet durumlar\u0131nda yap\u0131lmas\u0131 gerekenler hem teorik hem de uygulamal\u0131 olarak miniklere anlat\u0131ld\u0131. \u00c7ocuklar, afet an\u0131nda &#8220;\u00e7\u00f6k-kapan-tutun&#8221; hareketini nas\u0131l yapacaklar\u0131n\u0131 \u00f6\u011frenirken, g\u00fcvenli tahliye&#8230;<\/p>\n","protected":false},"author":1,"featured_media":90646,"comment_status":"open","ping_status":"open","sticky":false,"template":"","format":"standard","meta":{"_crdt_document":"","footnotes":""},"categories":[1],"tags":[],"class_list":["post-90645","post","type-post","status-publish","format-standard","has-post-thumbnail","hentry","category-guncel"],"_links":{"self":[{"href":"https:\/\/www.egemtv.com\/index.php?rest_route=\/wp\/v2\/posts\/90645","targetHints":{"allow":["GET"]}}],"collection":[{"href":"https:\/\/www.egemtv.com\/index.php?rest_route=\/wp\/v2\/posts"}],"about":[{"href":"https:\/\/www.egemtv.com\/index.php?rest_route=\/wp\/v2\/types\/post"}],"author":[{"embeddable":true,"href":"https:\/\/www.egemtv.com\/index.php?rest_route=\/wp\/v2\/users\/1"}],"replies":[{"embeddable":true,"href":"https:\/\/www.egemtv.com\/index.php?rest_route=%2Fwp%2Fv2%2Fcomments&post=90645"}],"version-history":[{"count":1,"href":"https:\/\/www.egemtv.com\/index.php?rest_route=\/wp\/v2\/posts\/90645\/revisions"}],"predecessor-version":[{"id":90647,"href":"https:\/\/www.egemtv.com\/index.php?rest_route=\/wp\/v2\/posts\/90645\/revisions\/90647"}],"wp:featuredmedia":[{"embeddable":true,"href":"https:\/\/www.egemtv.com\/index.php?rest_route=\/wp\/v2\/media\/90646"}],"wp:attachment":[{"href":"https:\/\/www.egemtv.com\/index.php?rest_route=%2Fwp%2Fv2%2Fmedia&parent=90645"}],"wp:term":[{"taxonomy":"category","embeddable":true,"href":"https:\/\/www.egemtv.com\/index.php?rest_route=%2Fwp%2Fv2%2Fcategories&post=90645"},{"taxonomy":"post_tag","embeddable":true,"href":"https:\/\/www.egemtv.com\/index.php?rest_route=%2Fwp%2Fv2%2Ftags&post=90645"}],"curies":[{"name":"wp","href":"https:\/\/api.w.org\/{rel}","templated":true}]}}