{"id":90642,"date":"2026-02-26T15:14:57","date_gmt":"2026-02-26T12:14:57","guid":{"rendered":"https:\/\/www.egemtv.com\/?p=90642"},"modified":"2026-02-26T15:14:58","modified_gmt":"2026-02-26T12:14:58","slug":"afyonkarahisarda-kar-yagisi","status":"publish","type":"post","link":"https:\/\/www.egemtv.com\/?p=90642","title":{"rendered":"Afyonkarahisar\u2019da kar ya\u011f\u0131\u015f\u0131"},"content":{"rendered":"<p>Meteorolojinin uyar\u0131lar\u0131 sonras\u0131 Afyonkarahisar\u2019da beklenen kar ya\u011f\u0131\u015f\u0131 \u00f6\u011fle saatlerinde ba\u015flad\u0131.<br \/>\n<br \/>Kentte beklenen kar ya\u011f\u0131\u015f\u0131 ba\u015flad\u0131. Meteorolojinin uyar\u0131lar\u0131 sonras\u0131 ba\u015flayan ya\u011f\u0131\u015f aral\u0131klarla devam ediyor. Ya\u011f\u0131\u015fla birlikte kentte hava s\u0131cakl\u0131klar\u0131 da hissedilir derecelerde azalarak eksi 4 derecelere kadar d\u00fc\u015ft\u00fc. Meteorolojiden al\u0131nan son verilere g\u00f6re, kentte ya\u011f\u0131\u015f\u0131n ak\u015fam saatlerine kadar aral\u0131klarla s\u00fcrmesi bekleniyor.<br \/><\/p>\n","protected":false},"excerpt":{"rendered":"<p>Meteorolojinin uyar\u0131lar\u0131 sonras\u0131 Afyonkarahisar\u2019da beklenen kar ya\u011f\u0131\u015f\u0131 \u00f6\u011fle saatlerinde ba\u015flad\u0131. Kentte beklenen kar ya\u011f\u0131\u015f\u0131 ba\u015flad\u0131. Meteorolojinin uyar\u0131lar\u0131 sonras\u0131 ba\u015flayan ya\u011f\u0131\u015f aral\u0131klarla devam ediyor. Ya\u011f\u0131\u015fla birlikte kentte hava s\u0131cakl\u0131klar\u0131 da hissedilir derecelerde azalarak eksi 4 derecelere kadar d\u00fc\u015ft\u00fc. Meteorolojiden al\u0131nan son verilere g\u00f6re, kentte ya\u011f\u0131\u015f\u0131n ak\u015fam saatlerine kadar aral\u0131klarla s\u00fcrmesi bekleniyor.<\/p>\n","protected":false},"author":1,"featured_media":90643,"comment_status":"open","ping_status":"open","sticky":false,"template":"","format":"standard","meta":{"_crdt_document":"","footnotes":""},"categories":[1],"tags":[],"class_list":["post-90642","post","type-post","status-publish","format-standard","has-post-thumbnail","hentry","category-guncel"],"_links":{"self":[{"href":"https:\/\/www.egemtv.com\/index.php?rest_route=\/wp\/v2\/posts\/90642","targetHints":{"allow":["GET"]}}],"collection":[{"href":"https:\/\/www.egemtv.com\/index.php?rest_route=\/wp\/v2\/posts"}],"about":[{"href":"https:\/\/www.egemtv.com\/index.php?rest_route=\/wp\/v2\/types\/post"}],"author":[{"embeddable":true,"href":"https:\/\/www.egemtv.com\/index.php?rest_route=\/wp\/v2\/users\/1"}],"replies":[{"embeddable":true,"href":"https:\/\/www.egemtv.com\/index.php?rest_route=%2Fwp%2Fv2%2Fcomments&post=90642"}],"version-history":[{"count":1,"href":"https:\/\/www.egemtv.com\/index.php?rest_route=\/wp\/v2\/posts\/90642\/revisions"}],"predecessor-version":[{"id":90644,"href":"https:\/\/www.egemtv.com\/index.php?rest_route=\/wp\/v2\/posts\/90642\/revisions\/90644"}],"wp:featuredmedia":[{"embeddable":true,"href":"https:\/\/www.egemtv.com\/index.php?rest_route=\/wp\/v2\/media\/90643"}],"wp:attachment":[{"href":"https:\/\/www.egemtv.com\/index.php?rest_route=%2Fwp%2Fv2%2Fmedia&parent=90642"}],"wp:term":[{"taxonomy":"category","embeddable":true,"href":"https:\/\/www.egemtv.com\/index.php?rest_route=%2Fwp%2Fv2%2Fcategories&post=90642"},{"taxonomy":"post_tag","embeddable":true,"href":"https:\/\/www.egemtv.com\/index.php?rest_route=%2Fwp%2Fv2%2Ftags&post=90642"}],"curies":[{"name":"wp","href":"https:\/\/api.w.org\/{rel}","templated":true}]}}