{"id":90639,"date":"2026-02-26T15:14:55","date_gmt":"2026-02-26T12:14:55","guid":{"rendered":"https:\/\/www.egemtv.com\/?p=90639"},"modified":"2026-02-26T15:14:57","modified_gmt":"2026-02-26T12:14:57","slug":"izmirde-800-kisinin-57-yillik-tapu-davasi-suruyor","status":"publish","type":"post","link":"https:\/\/www.egemtv.com\/?p=90639","title":{"rendered":"\u0130zmir\u2019de 800 ki\u015finin 57 y\u0131ll\u0131k tapu davas\u0131 s\u00fcr\u00fcyor"},"content":{"rendered":"<p>\u0130zmir\u2019de arsa sat\u0131n alan 800 ki\u015fi, 57 y\u0131ld\u0131r devam eden davalar nedeniyle tapular\u0131na kavu\u015fam\u0131yor. Hayat\u0131n\u0131 kaybeden \u00fcyelerin yerine davalara ikinci ku\u015fak m\u00fcdahil olurken, mahkeme heyeti son duru\u015fmada eksiklerin giderilmesi i\u00e7in duru\u015fmay\u0131 bir kez daha erteledi.<br \/>\n<br \/>Urla Teos Yap\u0131 Kooperatifi \u00fcyesi 800 hissedar, y\u0131llard\u0131r s\u00fcren tapu iptalleri nedeniyle ma\u011fduriyet ya\u015f\u0131yor. Ya\u011fc\u0131lar K\u00f6y\u00fc\u2019nden 1969 y\u0131l\u0131nda arsa sat\u0131n alan vatanda\u015flar, m\u00fclkiyet haklar\u0131n\u0131 korumak i\u00e7in kooperatif kurdu. Ge\u00e7en 57 y\u0131ll\u0131k s\u00fcrede kooperatifin tapular\u0131 \u00e7e\u015fitli idari ve hukuki gerek\u00e7elerle defalarca iptal edildi. Haklar\u0131n\u0131 aramak i\u00e7in yarg\u0131ya ba\u015fvuran ve bug\u00fcn \u00e7o\u011fu 80 ya\u015f\u0131n \u00fczerinde olan \u00fcyeler, yak\u0131nlar\u0131yla birlikte farkl\u0131 illerden gelerek duru\u015fmalara kat\u0131l\u0131yor. Bir\u00e7ok \u00fcyenin vefat etmesiyle yarg\u0131 s\u00fcrecini ikinci ku\u015fak devrald\u0131. \u00dcyeler, sorunun kal\u0131c\u0131 olarak \u00e7\u00f6z\u00fclmesini istiyor.<\/p>\n<p>Duru\u015fma ertelendi<br \/>\n<br \/>Urla 3. Asliye Mahkemesi\u2019nde g\u00f6r\u00fclen son duru\u015fmada mahkeme heyeti, Urla Tapu M\u00fcd\u00fcrl\u00fc\u011f\u00fcne yeniden m\u00fczekkere yaz\u0131lmas\u0131na karar vererek dava konusu k\u00f6k tapunun t\u00fcm ge\u00e7mi\u015f kay\u0131tlar\u0131n\u0131n ve g\u00fcncel parsel numaralar\u0131n\u0131n bildirilmesini talep etti. Ayr\u0131ca Kadastro M\u00fcd\u00fcrl\u00fc\u011f\u00fcne de yaz\u0131 yaz\u0131larak, \u00f6nceki bilirki\u015fi raporunda koordinatlar\u0131 belirlenen alanlar\u0131n g\u00fcncel parsel bilgileriyle \u00e7ak\u0131\u015ft\u0131r\u0131larak mahkemeye sunulmas\u0131 istendi. Mahkeme heyeti, istenen bilgi ve belgelerin toplanmas\u0131, kurumlar aras\u0131 yaz\u0131\u015fmalar\u0131n tamamlanmas\u0131 ve denetime elveri\u015fli detayl\u0131 bilirki\u015fi raporunun mahkemeye sunulabilmesi amac\u0131yla duru\u015fmay\u0131 20 May\u0131s tarihine erteledi.<\/p>\n<p>Ma\u011fduriyetlerin giderilmesi i\u00e7in \u00e7a\u011fr\u0131<br \/>\n<br \/>M\u00fclkiyet haklar\u0131 fiilen engellenen ve y\u0131llard\u0131r hukuk m\u00fccadelesi veren tapu sahipleri, ma\u011fduriyetlerinin giderilmesi i\u00e7in yetkililere \u00e7a\u011fr\u0131da bulundu. Grup ad\u0131na bas\u0131n a\u00e7\u0131klamas\u0131n\u0131 okuyan Avukat Makbule G\u00fcl\u015fahin Erbay, &#8220;Davay\u0131 ba\u015flatan ilk ku\u015fak hak sahiplerinin \u00e7o\u011fu adaletin tecelli etti\u011fini g\u00f6remeden vefat etti. Bug\u00fcn 80-90 ya\u015flar\u0131na ula\u015fan \u00fcyelerimiz, her duru\u015fmaya tekerlekli sandalyeleriyle kat\u0131larak hak aray\u0131\u015flar\u0131n\u0131 s\u00fcrd\u00fcr\u00fcyor. \u00dcniversite raporlar\u0131 ve bilirki\u015fi incelemeleri, s\u00f6z konusu arazinin orman vasf\u0131 ta\u015f\u0131mad\u0131\u011f\u0131n\u0131 tescil etmi\u015f olmas\u0131na ra\u011fmen m\u00fclkiyet hakk\u0131m\u0131z fiilen engellenmektedir&#8221; dedi.<\/p>\n<p>Hukuki m\u00fccadele \u00e7ocuklara kald\u0131<br \/>\n<br \/>S\u00f6z konusu ta\u015f\u0131nmaz\u0131 1969 y\u0131l\u0131nda asistan olarak g\u00f6rev yapt\u0131\u011f\u0131 d\u00f6nemde 110 Re\u015fat alt\u0131n\u0131 bedeliyle sat\u0131n ald\u0131\u011f\u0131n\u0131 belirten bir tapu sahibi &#8220;Elimde devlet taraf\u0131ndan verilmi\u015f k\u0131rm\u0131z\u0131 tapu senedi bulunuyor. Y\u0131llarca kendimi bu ta\u015f\u0131nmaz\u0131n yasal maliki olarak kabul ettim. Bu yat\u0131r\u0131m\u0131, gelecekte \u00e7ocuklar\u0131ma bir g\u00fcvence b\u0131rakmak ve emeklilik d\u00f6nemimde y\u0131l\u0131n birka\u00e7 ay\u0131n\u0131 ge\u00e7irebilece\u011fim bir ya\u015fam alan\u0131 olu\u015fturmak gayesiyle yapm\u0131\u015ft\u0131m. Gelinen a\u015famada nas\u0131l bir yol izleyece\u011fimizi bilemiyoruz. \u0130lerleyen s\u00fcre\u00e7te duru\u015fmalara i\u015ftirak edip edemeyece\u011fim dahi belirsiz. Hukuki m\u00fccadeleyi \u015fu an 55 ve 56 ya\u015flar\u0131nda olan \u00e7ocuklar\u0131m devralacak. Tek temennimiz, onlar da 80-90 ya\u015flar\u0131na gelmeden bu yarg\u0131 s\u00fcrecinin nihayete ermesidir&#8221; ifadelerini kulland\u0131.<\/p>\n<p>Hak aray\u0131\u015f\u0131 s\u00fcr\u00fcyor<br \/>\n<br \/>Tapu sahiplerinden G\u00fcrsel Hanc\u0131, m\u00fclk\u00fc olduk\u00e7a gen\u00e7 ya\u015flar\u0131nda b\u00fcy\u00fck fedak\u00e2rl\u0131klarla elde ettikleri maddi birikimlerle sat\u0131n ald\u0131klar\u0131n\u0131 belirterek, &#8220;O tarihten bug\u00fcne tasarruf haklar\u0131m\u0131z\u0131 kullanamad\u0131k. Arazimiz vas\u0131fs\u0131z bir nitelikte de\u011fildir. Elimizde, \u00fczerinde a\u00e7\u0131k\u00e7a \u2019imarl\u0131 arsa\u2019 ibaresi bulunan resmi tapumuz mevcut. T\u00fcm bu resmi belgelere ra\u011fmen m\u00fclkiyet hakk\u0131m\u0131z halen tesis edilebilmi\u015f de\u011fildir&#8221; \u015feklinde konu\u015ftu.<\/p>\n<p>Yetkililerinden \u00e7\u00f6z\u00fcm beklentisi<br \/>\n<br \/>Kooperatife gen\u00e7lik y\u0131llar\u0131nda, arkada\u015flar\u0131yla birlikte ev sahibi olma heyecan\u0131yla dahil olduklar\u0131n\u0131 anlatan 92 ya\u015f\u0131ndaki bir di\u011fer tapu sahibi ise &#8220;Y\u0131llard\u0131r s\u00fcregelen bekleyi\u015fimiz sonucunda hi\u00e7bir m\u00fclkiyete sahip olamad\u0131k. Ma\u011fduriyetimiz s\u00fcr\u00fcyor ve halen hakk\u0131m\u0131za kavu\u015fmay\u0131 bekliyoruz. Elimizdeki ge\u00e7erli tapulara istinaden, devlet yetkililerinden hukuka ve hakkaniyete uygun olan\u0131 yerine getirmelerini talep ediyoruz&#8221; dedi.<br \/><\/p>\n","protected":false},"excerpt":{"rendered":"<p>\u0130zmir\u2019de arsa sat\u0131n alan 800 ki\u015fi, 57 y\u0131ld\u0131r devam eden davalar nedeniyle tapular\u0131na kavu\u015fam\u0131yor. Hayat\u0131n\u0131 kaybeden \u00fcyelerin yerine davalara ikinci ku\u015fak m\u00fcdahil olurken, mahkeme heyeti son duru\u015fmada eksiklerin giderilmesi i\u00e7in duru\u015fmay\u0131 bir kez daha erteledi. Urla Teos Yap\u0131 Kooperatifi \u00fcyesi 800 hissedar, y\u0131llard\u0131r s\u00fcren tapu iptalleri nedeniyle ma\u011fduriyet ya\u015f\u0131yor. Ya\u011fc\u0131lar K\u00f6y\u00fc\u2019nden 1969 y\u0131l\u0131nda arsa sat\u0131n&#8230;<\/p>\n","protected":false},"author":1,"featured_media":90640,"comment_status":"open","ping_status":"open","sticky":false,"template":"","format":"standard","meta":{"_crdt_document":"","footnotes":""},"categories":[5],"tags":[],"class_list":["post-90639","post","type-post","status-publish","format-standard","has-post-thumbnail","hentry","category-asayis"],"_links":{"self":[{"href":"https:\/\/www.egemtv.com\/index.php?rest_route=\/wp\/v2\/posts\/90639","targetHints":{"allow":["GET"]}}],"collection":[{"href":"https:\/\/www.egemtv.com\/index.php?rest_route=\/wp\/v2\/posts"}],"about":[{"href":"https:\/\/www.egemtv.com\/index.php?rest_route=\/wp\/v2\/types\/post"}],"author":[{"embeddable":true,"href":"https:\/\/www.egemtv.com\/index.php?rest_route=\/wp\/v2\/users\/1"}],"replies":[{"embeddable":true,"href":"https:\/\/www.egemtv.com\/index.php?rest_route=%2Fwp%2Fv2%2Fcomments&post=90639"}],"version-history":[{"count":1,"href":"https:\/\/www.egemtv.com\/index.php?rest_route=\/wp\/v2\/posts\/90639\/revisions"}],"predecessor-version":[{"id":90641,"href":"https:\/\/www.egemtv.com\/index.php?rest_route=\/wp\/v2\/posts\/90639\/revisions\/90641"}],"wp:featuredmedia":[{"embeddable":true,"href":"https:\/\/www.egemtv.com\/index.php?rest_route=\/wp\/v2\/media\/90640"}],"wp:attachment":[{"href":"https:\/\/www.egemtv.com\/index.php?rest_route=%2Fwp%2Fv2%2Fmedia&parent=90639"}],"wp:term":[{"taxonomy":"category","embeddable":true,"href":"https:\/\/www.egemtv.com\/index.php?rest_route=%2Fwp%2Fv2%2Fcategories&post=90639"},{"taxonomy":"post_tag","embeddable":true,"href":"https:\/\/www.egemtv.com\/index.php?rest_route=%2Fwp%2Fv2%2Ftags&post=90639"}],"curies":[{"name":"wp","href":"https:\/\/api.w.org\/{rel}","templated":true}]}}