{"id":90636,"date":"2026-02-26T15:14:54","date_gmt":"2026-02-26T12:14:54","guid":{"rendered":"https:\/\/www.egemtv.com\/?p=90636"},"modified":"2026-02-26T15:14:55","modified_gmt":"2026-02-26T12:14:55","slug":"mugla-valisi-dr-akbiyik-koycegizde-duzenlenen-iftarda-genclerle-sohbet-etti","status":"publish","type":"post","link":"https:\/\/www.egemtv.com\/?p=90636","title":{"rendered":"Mu\u011fla Valisi Dr. Akb\u0131y\u0131k, K\u00f6yce\u011fiz\u2019de d\u00fczenlenen iftarda gen\u00e7lerle sohbet etti"},"content":{"rendered":"<p>Mu\u011fla\u2019n\u0131n K\u00f6yce\u011fiz il\u00e7esinde d\u00fczenlenen \u0130ftar program\u0131nda Vali Dr. \u0130dris Akb\u0131y\u0131k gen\u00e7lerle bir araya geldi.<\/p>\n<p>Vali Akb\u0131y\u0131k, Y\u00fcksekkum Turizm Mesleki ve Teknik Anadolu Lisesi Uygulama Oteli\u2019nde d\u00fczenlenen iftar program\u0131nda gen\u00e7lerin sorular\u0131n\u0131 yan\u0131tlad\u0131, g\u00f6r\u00fc\u015f ve \u00f6nerilerini dinledi. Programda konu\u015fan Vali Dr. \u0130dris Akb\u0131y\u0131k, gen\u00e7lerle ayn\u0131 sofray\u0131 payla\u015fmaktan b\u00fcy\u00fck memnuniyet duydu\u011funu ifade etti.<\/p>\n<p>2026 y\u0131l\u0131n\u0131n &#8220;Gen\u00e7lerin Y\u0131l\u0131&#8221; ilan edildi\u011fini hat\u0131rlatan Vali Dr. \u0130dris Akb\u0131y\u0131k, gen\u00e7lerin \u00fclkenin en k\u0131ymetli hazinesi oldu\u011funu belirterek, &#8220;Sizler bizim gelece\u011fimiz de\u011fil, ayn\u0131 zamanda bug\u00fcn\u00fcm\u00fcz\u00fcn de en b\u00fcy\u00fck g\u00fcc\u00fcs\u00fcn\u00fcz&#8221; dedi. Gen\u00e7lik Y\u0131l\u0131 kapsam\u0131nda ger\u00e7ekle\u015ftirilecek \u00e7al\u0131\u015fmalar\u0131n, 40 bin gencin kat\u0131l\u0131m\u0131yla yap\u0131lan anketler do\u011frultusunda belirlendi\u011fini aktaran Vali Dr. \u0130dris Akb\u0131y\u0131k, planlanan projeler hakk\u0131nda bilgi verdi. S\u00fcrecin gen\u00e7lerin g\u00f6r\u00fc\u015f ve \u00f6nerileriyle \u015fekillendi\u011fini vurgulayan Vali Dr. \u0130dris Akb\u0131y\u0131k, &#8220;Bu y\u0131l\u0131 sizlerle birlikte in\u015fa edecek, birlikte anlamland\u0131raca\u011f\u0131z. 2026\u2019y\u0131 gen\u00e7lerimizin y\u0131l\u0131 yapmak i\u00e7in hep birlikte \u00e7al\u0131\u015faca\u011f\u0131z&#8221; ifadelerini kulland\u0131.<br \/><\/p>\n","protected":false},"excerpt":{"rendered":"<p>Mu\u011fla\u2019n\u0131n K\u00f6yce\u011fiz il\u00e7esinde d\u00fczenlenen \u0130ftar program\u0131nda Vali Dr. \u0130dris Akb\u0131y\u0131k gen\u00e7lerle bir araya geldi. Vali Akb\u0131y\u0131k, Y\u00fcksekkum Turizm Mesleki ve Teknik Anadolu Lisesi Uygulama Oteli\u2019nde d\u00fczenlenen iftar program\u0131nda gen\u00e7lerin sorular\u0131n\u0131 yan\u0131tlad\u0131, g\u00f6r\u00fc\u015f ve \u00f6nerilerini dinledi. Programda konu\u015fan Vali Dr. \u0130dris Akb\u0131y\u0131k, gen\u00e7lerle ayn\u0131 sofray\u0131 payla\u015fmaktan b\u00fcy\u00fck memnuniyet duydu\u011funu ifade etti. 2026 y\u0131l\u0131n\u0131n &#8220;Gen\u00e7lerin Y\u0131l\u0131&#8221; ilan&#8230;<\/p>\n","protected":false},"author":1,"featured_media":90637,"comment_status":"open","ping_status":"open","sticky":false,"template":"","format":"standard","meta":{"_crdt_document":"","footnotes":""},"categories":[1],"tags":[],"class_list":["post-90636","post","type-post","status-publish","format-standard","has-post-thumbnail","hentry","category-guncel"],"_links":{"self":[{"href":"https:\/\/www.egemtv.com\/index.php?rest_route=\/wp\/v2\/posts\/90636","targetHints":{"allow":["GET"]}}],"collection":[{"href":"https:\/\/www.egemtv.com\/index.php?rest_route=\/wp\/v2\/posts"}],"about":[{"href":"https:\/\/www.egemtv.com\/index.php?rest_route=\/wp\/v2\/types\/post"}],"author":[{"embeddable":true,"href":"https:\/\/www.egemtv.com\/index.php?rest_route=\/wp\/v2\/users\/1"}],"replies":[{"embeddable":true,"href":"https:\/\/www.egemtv.com\/index.php?rest_route=%2Fwp%2Fv2%2Fcomments&post=90636"}],"version-history":[{"count":1,"href":"https:\/\/www.egemtv.com\/index.php?rest_route=\/wp\/v2\/posts\/90636\/revisions"}],"predecessor-version":[{"id":90638,"href":"https:\/\/www.egemtv.com\/index.php?rest_route=\/wp\/v2\/posts\/90636\/revisions\/90638"}],"wp:featuredmedia":[{"embeddable":true,"href":"https:\/\/www.egemtv.com\/index.php?rest_route=\/wp\/v2\/media\/90637"}],"wp:attachment":[{"href":"https:\/\/www.egemtv.com\/index.php?rest_route=%2Fwp%2Fv2%2Fmedia&parent=90636"}],"wp:term":[{"taxonomy":"category","embeddable":true,"href":"https:\/\/www.egemtv.com\/index.php?rest_route=%2Fwp%2Fv2%2Fcategories&post=90636"},{"taxonomy":"post_tag","embeddable":true,"href":"https:\/\/www.egemtv.com\/index.php?rest_route=%2Fwp%2Fv2%2Ftags&post=90636"}],"curies":[{"name":"wp","href":"https:\/\/api.w.org\/{rel}","templated":true}]}}