{"id":90633,"date":"2026-02-26T14:56:08","date_gmt":"2026-02-26T11:56:08","guid":{"rendered":"https:\/\/www.egemtv.com\/?p=90633"},"modified":"2026-02-26T14:56:09","modified_gmt":"2026-02-26T11:56:09","slug":"muski-milas-gunes-mahallesinde-icme-suyu-hatlarini-yeniliyor","status":"publish","type":"post","link":"https:\/\/www.egemtv.com\/?p=90633","title":{"rendered":"MUSK\u0130, Milas G\u00fcne\u015f Mahallesi\u2019nde i\u00e7me suyu hatlar\u0131n\u0131 yeniliyor"},"content":{"rendered":"<p>Mu\u011fla B\u00fcy\u00fck\u015fehir Belediye Ba\u015fkan\u0131 Ahmet Aras\u2019\u0131n, Mu\u011fla genelinde ya\u015fayan vatanda\u015flara kesintisiz su iletiminin sa\u011flanmas\u0131 i\u00e7in altyap\u0131n\u0131n g\u00fc\u00e7lendirilmesi y\u00f6n\u00fcndeki talimatlar\u0131 do\u011frultusunda yat\u0131r\u0131mlar\u0131n\u0131 s\u00fcrd\u00fcren Mu\u011fla B\u00fcy\u00fck\u015fehir Belediyesi Su ve Kanalizasyon \u0130daresi (MUSK\u0130) Genel M\u00fcd\u00fcrl\u00fc\u011f\u00fc, \u00e7al\u0131\u015fmalar\u0131na Milas\u2019ta devam ediyor. Milas il\u00e7esine ba\u011fl\u0131 G\u00fcne\u015f Mahallesi Yakamoz Caddesi\u2019nde, ekonomik \u00f6mr\u00fcn\u00fc tamamlad\u0131\u011f\u0131 i\u00e7in s\u0131k s\u0131k ar\u0131zalara neden olan 1.500 metre uzunlu\u011fundaki i\u00e7me suyu hatt\u0131n\u0131n tamam\u0131 yenileniyor.<br \/>\n<br \/>Ar\u0131zalar\u0131n \u00f6n\u00fcne ge\u00e7ilmesi hedefleniyor<br \/>\n<br \/>Milas il\u00e7esinin G\u00fcne\u015f Mahallesi Yakamoz Caddesi\u2019nde, zamanla y\u0131pranarak ekonomik \u00f6mr\u00fcn\u00fc tamamlayan 1.500 metrelik i\u00e7me suyu hatt\u0131, artan ar\u0131za riskleri ve su kay\u0131plar\u0131na neden oluyordu. Bu kapsamda planl\u0131 ve koordineli \u015fekilde y\u00fcr\u00fct\u00fclen \u00e7al\u0131\u015fmalarla mevcut hatlar yenileniyor. Yenileme s\u00fcrecinde kullan\u0131m \u00f6mr\u00fcn\u00fc dolduran hatlar devre d\u0131\u015f\u0131 b\u0131rak\u0131larak, daha dayan\u0131kl\u0131, uzun \u00f6m\u00fcrl\u00fc ve modern i\u00e7me suyu hatlar\u0131 sisteme dahil ediliyor. \u00c7al\u0131\u015fmalar\u0131n tamamlanmas\u0131yla birlikte i\u00e7me suyu iletimi daha verimli, g\u00fcvenli hale gelecek. Ayr\u0131ca b\u00f6lgede ya\u015fanan kesinti ve ar\u0131zalar\u0131n \u00f6n\u00fcne ge\u00e7ilmesi ve kay\u0131p-ka\u00e7ak oranlar\u0131n\u0131n azalt\u0131lmas\u0131 hedefleniyor. Modern altyap\u0131 sistemleri sayesinde bak\u0131m ve onar\u0131m ihtiyac\u0131 en aza indirilirken, y\u00fcr\u00fct\u00fclen altyap\u0131 modernizasyonu \u00e7al\u0131\u015fmalar\u0131yla su kaynaklar\u0131n\u0131n korunmas\u0131, kay\u0131plar\u0131n azalt\u0131lmas\u0131 ve suyun gelecek nesillere g\u00fcvenle aktar\u0131lmas\u0131 hedefleniyor. \u0130l genelinde s\u00fcrd\u00fcr\u00fclen planl\u0131 hat yenileme projeleriyle Mu\u011fla\u2019n\u0131n i\u00e7me suyu altyap\u0131s\u0131 her ge\u00e7en g\u00fcn daha g\u00fc\u00e7l\u00fc ve s\u00fcrd\u00fcr\u00fclebilir bir yap\u0131ya kavu\u015fturuluyor.<br \/>\n<br \/>G\u00fcne\u015f Mahallesi Muhtar\u0131 Cihan Y\u0131ld\u0131r\u0131m, &#8220;Biz Taleplerimizi MUSK\u0130\u2019ye \u0130lettik Hemen \u00c7al\u0131\u015fmalara Ba\u015flad\u0131lar.&#8221;<br \/>\n<br \/>B\u00f6lgedeki hatt\u0131n yenilenmesi i\u00e7in taleplerinin h\u0131zl\u0131 bir \u015fekilde kar\u015f\u0131lanmas\u0131ndan duydu\u011fu memnuniyeti belirten G\u00fcne\u015f Mahallesi Muhtar\u0131 Cihan Y\u0131ld\u0131r\u0131m, &#8220;Ben 1977 y\u0131l\u0131nda Antalya\u2019da do\u011fdum. \u00dc\u00e7 ayl\u0131kken babam\u0131 kaybettikten sonra G\u00fcne\u015f Mahallesi\u2019ne yerle\u015ftik ve yakla\u015f\u0131k 49 y\u0131ld\u0131r bu mahallede ya\u015f\u0131yorum. Bu mahallenin ge\u00e7mi\u015fini ve bug\u00fcn\u00fcn\u00fc \u00e7ok iyi bilirim. Son d\u00f6nem se\u00e7imlerinde de mahallemizin muhtar\u0131 oldum. Mahallemizde altyap\u0131 sorunlar\u0131 ya\u015fan\u0131yordu. Yakla\u015f\u0131k 49 y\u0131ll\u0131k bir i\u00e7me suyu hatt\u0131m\u0131z bulunuyor ve zamanla y\u0131prand\u0131. \u00d6zellikle a\u011f\u0131r tonajl\u0131 ara\u00e7lar\u0131n ge\u00e7i\u015fi s\u0131ras\u0131nda s\u0131k s\u0131k patlamalar meydana geliyordu, ar\u0131zalar ve kesintiler meydana geliyordu. Bu nedenle hatt\u0131n yenilenmesi art\u0131k zorunlu hale gelmi\u015fti. Mahalle sakinlerimiz de bu sorunlar\u0131 bizlere iletti ve biz de taleplerimizi MUSK\u0130\u2019ye ilettik,  hemen \u00e7al\u0131\u015fmalara ba\u015flad\u0131lar, sa\u011f olsunlar. Burada hatt\u0131n yenilenmesi ve bizim problemlerimizi \u00e7\u00f6zme noktas\u0131nda bizlere destek veren ba\u015fta B\u00fcy\u00fck\u015fehir Belediye Ba\u015fkan\u0131m\u0131z Ahmet Aras\u2019a ve MUSK\u0130 Genel M\u00fcd\u00fcr\u00fcm\u00fcz Y\u0131lmaz \u015eeng\u00fcl\u2019e \u015fahs\u0131m ve mahallem ad\u0131na te\u015fekk\u00fcr ediyorum&#8221; dedi.<br \/><\/p>\n","protected":false},"excerpt":{"rendered":"<p>Mu\u011fla B\u00fcy\u00fck\u015fehir Belediye Ba\u015fkan\u0131 Ahmet Aras\u2019\u0131n, Mu\u011fla genelinde ya\u015fayan vatanda\u015flara kesintisiz su iletiminin sa\u011flanmas\u0131 i\u00e7in altyap\u0131n\u0131n g\u00fc\u00e7lendirilmesi y\u00f6n\u00fcndeki talimatlar\u0131 do\u011frultusunda yat\u0131r\u0131mlar\u0131n\u0131 s\u00fcrd\u00fcren Mu\u011fla B\u00fcy\u00fck\u015fehir Belediyesi Su ve Kanalizasyon \u0130daresi (MUSK\u0130) Genel M\u00fcd\u00fcrl\u00fc\u011f\u00fc, \u00e7al\u0131\u015fmalar\u0131na Milas\u2019ta devam ediyor. Milas il\u00e7esine ba\u011fl\u0131 G\u00fcne\u015f Mahallesi Yakamoz Caddesi\u2019nde, ekonomik \u00f6mr\u00fcn\u00fc tamamlad\u0131\u011f\u0131 i\u00e7in s\u0131k s\u0131k ar\u0131zalara neden olan 1.500 metre uzunlu\u011fundaki&#8230;<\/p>\n","protected":false},"author":1,"featured_media":90634,"comment_status":"open","ping_status":"open","sticky":false,"template":"","format":"standard","meta":{"_crdt_document":"","footnotes":""},"categories":[2],"tags":[],"class_list":["post-90633","post","type-post","status-publish","format-standard","has-post-thumbnail","hentry","category-saglik"],"_links":{"self":[{"href":"https:\/\/www.egemtv.com\/index.php?rest_route=\/wp\/v2\/posts\/90633","targetHints":{"allow":["GET"]}}],"collection":[{"href":"https:\/\/www.egemtv.com\/index.php?rest_route=\/wp\/v2\/posts"}],"about":[{"href":"https:\/\/www.egemtv.com\/index.php?rest_route=\/wp\/v2\/types\/post"}],"author":[{"embeddable":true,"href":"https:\/\/www.egemtv.com\/index.php?rest_route=\/wp\/v2\/users\/1"}],"replies":[{"embeddable":true,"href":"https:\/\/www.egemtv.com\/index.php?rest_route=%2Fwp%2Fv2%2Fcomments&post=90633"}],"version-history":[{"count":1,"href":"https:\/\/www.egemtv.com\/index.php?rest_route=\/wp\/v2\/posts\/90633\/revisions"}],"predecessor-version":[{"id":90635,"href":"https:\/\/www.egemtv.com\/index.php?rest_route=\/wp\/v2\/posts\/90633\/revisions\/90635"}],"wp:featuredmedia":[{"embeddable":true,"href":"https:\/\/www.egemtv.com\/index.php?rest_route=\/wp\/v2\/media\/90634"}],"wp:attachment":[{"href":"https:\/\/www.egemtv.com\/index.php?rest_route=%2Fwp%2Fv2%2Fmedia&parent=90633"}],"wp:term":[{"taxonomy":"category","embeddable":true,"href":"https:\/\/www.egemtv.com\/index.php?rest_route=%2Fwp%2Fv2%2Fcategories&post=90633"},{"taxonomy":"post_tag","embeddable":true,"href":"https:\/\/www.egemtv.com\/index.php?rest_route=%2Fwp%2Fv2%2Ftags&post=90633"}],"curies":[{"name":"wp","href":"https:\/\/api.w.org\/{rel}","templated":true}]}}