{"id":90630,"date":"2026-02-26T14:56:07","date_gmt":"2026-02-26T11:56:07","guid":{"rendered":"https:\/\/www.egemtv.com\/?p=90630"},"modified":"2026-02-26T14:56:08","modified_gmt":"2026-02-26T11:56:08","slug":"aciga-alinan-doktorlarin-hemsirelerinden-haber-yapan-gazeteciye-tehdit","status":"publish","type":"post","link":"https:\/\/www.egemtv.com\/?p=90630","title":{"rendered":"A\u00e7\u0131\u011fa al\u0131nan doktorlar\u0131n hem\u015firelerinden haber yapan gazeteciye tehdit"},"content":{"rendered":"<p>Ayd\u0131n\u2019\u0131n Efeler il\u00e7esinde bulunan 26 Nolu Aile Sa\u011fl\u0131\u011f\u0131 Merkezi\u2019nde olaylar\u0131n ard\u0131 arkas\u0131 gelmiyor. ASM\u2019de g\u00f6rev yapan 2 hekimin a\u00e7\u0131\u011fa al\u0131nmas\u0131n\u0131n ard\u0131ndan olay\u0131 haber yapmak i\u00e7in b\u00f6lgeye giden gazeteci bu defa a\u00e7\u0131\u011fa al\u0131nan doktorlar\u0131n hem\u015firelerinin h\u0131\u015fm\u0131na u\u011frad\u0131. G.K ve C.\u00d6. isimli hem\u015fireler, olay\u0131 haber yapmak isteyen ve bas\u0131n kart\u0131n\u0131 ibraz eden gazeteciyi g\u00f6zalt\u0131na ald\u0131rmak i\u00e7in 112\u2019ye \u015f\u00fcpheli \u015fah\u0131s ihbar\u0131 yapt\u0131. B\u00f6lgeye gelen polis ekipleri herhangi bir su\u00e7 unsuru olmay\u0131nca normale d\u00f6nd\u00fc. Hem\u015fireler gazeteciye daha sonra kar\u015f\u0131la\u015f\u0131p hesap sormakla tehdit etti.<\/p>\n<p>Ayd\u0131n Efeler \u0130l\u00e7esi Mimarsinan Mahallesi\u2019nde kurulan 26 Nolu ASM\u2019ye kendilerinden sonra atanan kad\u0131n doktorun odas\u0131n\u0131n elektriklerini kesip, tuvaletleri ve di\u011fer ortak alanlar\u0131 kulland\u0131rmad\u0131klar\u0131 ve devlet memurunun g\u00f6revine engel olduklar\u0131 gerek\u00e7esi ile ba\u015flat\u0131lan soru\u015fturma kapsam\u0131nda doktorlar Eralp Atay ve Mesut Amanak a\u00e7\u0131\u011fa al\u0131nd\u0131. Ayd\u0131n \u0130l Sa\u011fl\u0131k M\u00fcd\u00fcrl\u00fc\u011f\u00fc taraf\u0131ndan halk\u0131n ma\u011fdur olmamas\u0131 i\u00e7in a\u00e7\u0131\u011fa al\u0131nan hekimlerin yerine hekim g\u00f6revlendirmesi yap\u0131ld\u0131.<\/p>\n<p>Bu arada a\u00e7\u0131\u011fa al\u0131nan hekimler Mesut Amanak ve Eralp Atay, avukatlar\u0131 arac\u0131l\u0131\u011f\u0131 ile yapt\u0131\u011f\u0131 a\u00e7\u0131klamada \u015fu anda ASM binas\u0131 olarak kullan\u0131lan merkezin eski foto\u011fraf\u0131n\u0131 payla\u015f\u0131p ASM\u2019nin \u00f6zel m\u00fclk oldu\u011funu ve kendilerinin dizayn etti\u011fini ileri s\u00fcrerek yeni bir hekimin burada g\u00f6rev yapmas\u0131n\u0131n kira s\u00f6zle\u015fmesine ayk\u0131r\u0131 oldu\u011funu iddia ettiler. ASM binas\u0131n\u0131n eski foto\u011fraf\u0131n\u0131 da payla\u015fan hekimler, her ne kadar devlet kurumu olsa da buran\u0131n \u00f6zel m\u00fclk oldu\u011funu da belirttiler.<\/p>\n<p>Eralp Atay ve Mesut Amanak\u2019\u0131n avukatlar\u0131 arac\u0131l\u0131\u011f\u0131 ile yapt\u0131\u011f\u0131 a\u00e7\u0131klaman\u0131n ard\u0131ndan 26 Nolu ASM binas\u0131n\u0131n durumunu g\u00f6r\u00fcnt\u00fclemek ve haber \u00e7al\u0131\u015fmas\u0131 yapmak i\u00e7in b\u00f6lgeye giden gazeteciyi foto\u011fraf \u00e7ekerken g\u00f6ren G.K. ve C.\u00d6. isimli hem\u015fireler b\u00f6lgeye polis ekibi \u00e7a\u011f\u0131r\u0131p gazetecinin foto\u011fraf \u00e7ekerek su\u00e7 i\u015fledi\u011fini ileri s\u00fcr\u00fcp g\u00f6zalt\u0131na al\u0131nmas\u0131n\u0131 istediler. Olay yerine gelen polis ekipleri herhangi bir su\u00e7 unsuru g\u00f6rmeyince hem\u015firelere resmi \u015fikayetleri olup olmad\u0131\u011f\u0131n\u0131 sordu. Hem\u015fireler resmi \u015fikayetleri olmad\u0131\u011f\u0131n\u0131 belirtince polis ekipleri normale d\u00f6nd\u00fc. Gazetecinin b\u00f6lgeden foto\u011fraf \u00e7al\u0131\u015fmas\u0131 yapmaya devam etmesi \u00fczerine hem\u015fireler gazeteciyi tehdit etmeyi de ihmal etmedi.<br \/><\/p>\n","protected":false},"excerpt":{"rendered":"<p>Ayd\u0131n\u2019\u0131n Efeler il\u00e7esinde bulunan 26 Nolu Aile Sa\u011fl\u0131\u011f\u0131 Merkezi\u2019nde olaylar\u0131n ard\u0131 arkas\u0131 gelmiyor. ASM\u2019de g\u00f6rev yapan 2 hekimin a\u00e7\u0131\u011fa al\u0131nmas\u0131n\u0131n ard\u0131ndan olay\u0131 haber yapmak i\u00e7in b\u00f6lgeye giden gazeteci bu defa a\u00e7\u0131\u011fa al\u0131nan doktorlar\u0131n hem\u015firelerinin h\u0131\u015fm\u0131na u\u011frad\u0131. G.K ve C.\u00d6. isimli hem\u015fireler, olay\u0131 haber yapmak isteyen ve bas\u0131n kart\u0131n\u0131 ibraz eden gazeteciyi g\u00f6zalt\u0131na ald\u0131rmak i\u00e7in 112\u2019ye&#8230;<\/p>\n","protected":false},"author":1,"featured_media":90631,"comment_status":"open","ping_status":"open","sticky":false,"template":"","format":"standard","meta":{"_crdt_document":"","footnotes":""},"categories":[5],"tags":[],"class_list":["post-90630","post","type-post","status-publish","format-standard","has-post-thumbnail","hentry","category-asayis"],"_links":{"self":[{"href":"https:\/\/www.egemtv.com\/index.php?rest_route=\/wp\/v2\/posts\/90630","targetHints":{"allow":["GET"]}}],"collection":[{"href":"https:\/\/www.egemtv.com\/index.php?rest_route=\/wp\/v2\/posts"}],"about":[{"href":"https:\/\/www.egemtv.com\/index.php?rest_route=\/wp\/v2\/types\/post"}],"author":[{"embeddable":true,"href":"https:\/\/www.egemtv.com\/index.php?rest_route=\/wp\/v2\/users\/1"}],"replies":[{"embeddable":true,"href":"https:\/\/www.egemtv.com\/index.php?rest_route=%2Fwp%2Fv2%2Fcomments&post=90630"}],"version-history":[{"count":1,"href":"https:\/\/www.egemtv.com\/index.php?rest_route=\/wp\/v2\/posts\/90630\/revisions"}],"predecessor-version":[{"id":90632,"href":"https:\/\/www.egemtv.com\/index.php?rest_route=\/wp\/v2\/posts\/90630\/revisions\/90632"}],"wp:featuredmedia":[{"embeddable":true,"href":"https:\/\/www.egemtv.com\/index.php?rest_route=\/wp\/v2\/media\/90631"}],"wp:attachment":[{"href":"https:\/\/www.egemtv.com\/index.php?rest_route=%2Fwp%2Fv2%2Fmedia&parent=90630"}],"wp:term":[{"taxonomy":"category","embeddable":true,"href":"https:\/\/www.egemtv.com\/index.php?rest_route=%2Fwp%2Fv2%2Fcategories&post=90630"},{"taxonomy":"post_tag","embeddable":true,"href":"https:\/\/www.egemtv.com\/index.php?rest_route=%2Fwp%2Fv2%2Ftags&post=90630"}],"curies":[{"name":"wp","href":"https:\/\/api.w.org\/{rel}","templated":true}]}}