{"id":90621,"date":"2026-02-26T14:56:04","date_gmt":"2026-02-26T11:56:04","guid":{"rendered":"https:\/\/www.egemtv.com\/?p=90621"},"modified":"2026-02-26T14:56:05","modified_gmt":"2026-02-26T11:56:05","slug":"aydin-buyuksehir-belediyesi-incirliovada-vatandaslari-ramazan-etkinlikleri-ile-bulusturdu","status":"publish","type":"post","link":"https:\/\/www.egemtv.com\/?p=90621","title":{"rendered":"Ayd\u0131n B\u00fcy\u00fck\u015fehir Belediyesi, \u0130ncirliova\u2019da vatanda\u015flar\u0131 Ramazan etkinlikleri ile bulu\u015fturdu"},"content":{"rendered":"<p>Ayd\u0131n B\u00fcy\u00fck\u015fehir Belediyesi taraf\u0131ndan d\u00fczenlenen Ramazan etkinlikleri, kentin d\u00f6rt bir yan\u0131nda vatanda\u015flarla bulu\u015fmaya devam ediyor.<\/p>\n<p>Ramazan etkinliklerinin son adresi \u0130ncirliova oldu. B\u00fcy\u00fck\u015fehir Belediyesi taraf\u0131ndan d\u00fczenlenen iftar program\u0131n\u0131n hemen yan\u0131nda, Cumhuriyet Meydan\u0131\u2019nda ger\u00e7ekle\u015ftirilen etkinlikler y\u00fczlerce vatanda\u015f\u0131n kat\u0131l\u0131m\u0131yla renkli g\u00f6r\u00fcnt\u00fclere sahne oldu. Geleneksel Ramazan k\u00fclt\u00fcr\u00fcn\u00fc ya\u015fatan etkinliklerde \u00e7ocuklar sahne g\u00f6sterileri, oyun alanlar\u0131 ve \u00e7e\u015fitli aktivitelerle doyas\u0131ya e\u011flenirken, aileler de Ramazan ak\u015fam\u0131n\u0131n birlik ve beraberlik ruhunu meydanda hep birlikte payla\u015ft\u0131. Hacivat-Karag\u00f6z g\u00f6sterileri, meddah anlat\u0131lar\u0131, A\u015fuk ile Ma\u015fuk g\u00f6sterileri, jongl\u00f6r ve ill\u00fczyonist performanslar\u0131 da b\u00fcy\u00fck be\u011feni toplad\u0131.<\/p>\n<p>Etkinlik alan\u0131nda vatanda\u015flara Ramazan \u015ferbeti ve Osmanl\u0131 macunu ikram edilirken, aileler hem geleneksel g\u00f6sterileri izledi hem de keyifli vakit ge\u00e7irdi. Etkinliklere kat\u0131lan vatanda\u015flar, Ayd\u0131n B\u00fcy\u00fck\u015fehir Belediye Ba\u015fkan\u0131 \u00d6zlem \u00c7er\u00e7io\u011flu\u2019na te\u015fekk\u00fcr etti.<\/p>\n<p>Ramazan etkinlikleri, ay boyunca Ayd\u0131nl\u0131larla bulu\u015fmay\u0131 s\u00fcrd\u00fcrecek. Buharkent il\u00e7esinde 26 \u015eubat Per\u015fembe g\u00fcn\u00fc Kamil Pa\u015fa Mahallesi kapal\u0131 pazar yeri, Yenipazar il\u00e7esinde 27 \u015eubat Cuma g\u00fcn\u00fc Yenipazar Belediyesi meydan\u0131, S\u00f6ke il\u00e7esinde 28 \u015eubat Cumartesi g\u00fcn\u00fc Yenicami Mahallesi kapal\u0131 pazar yeri, K\u00f6\u015fk il\u00e7esinde 2 Mart Pazartesi g\u00fcn\u00fc \u00c7ar\u015f\u0131 Mahallesi Eski Nazilli Caddesi, Sultanhisar il\u00e7esinde 3 Mart Sal\u0131 g\u00fcn\u00fc Belediye Meydan\u0131, \u0130ncirliova il\u00e7esinde 4 Mart \u00c7ar\u015famba g\u00fcn\u00fc Cumhuriyet Meydan\u0131 etkinliklerin adresi olacak. \u0130l\u00e7elerde etkinlikler 18.00 saatinde ba\u015flayacak, 20.15 saatinde sona erecek. 5-15 Mart tarihleri aras\u0131nda ise e\u011flencenin adresi bir kez daha Fuar Ayd\u0131n olacak.<br \/><\/p>\n","protected":false},"excerpt":{"rendered":"<p>Ayd\u0131n B\u00fcy\u00fck\u015fehir Belediyesi taraf\u0131ndan d\u00fczenlenen Ramazan etkinlikleri, kentin d\u00f6rt bir yan\u0131nda vatanda\u015flarla bulu\u015fmaya devam ediyor. Ramazan etkinliklerinin son adresi \u0130ncirliova oldu. B\u00fcy\u00fck\u015fehir Belediyesi taraf\u0131ndan d\u00fczenlenen iftar program\u0131n\u0131n hemen yan\u0131nda, Cumhuriyet Meydan\u0131\u2019nda ger\u00e7ekle\u015ftirilen etkinlikler y\u00fczlerce vatanda\u015f\u0131n kat\u0131l\u0131m\u0131yla renkli g\u00f6r\u00fcnt\u00fclere sahne oldu. Geleneksel Ramazan k\u00fclt\u00fcr\u00fcn\u00fc ya\u015fatan etkinliklerde \u00e7ocuklar sahne g\u00f6sterileri, oyun alanlar\u0131 ve \u00e7e\u015fitli aktivitelerle doyas\u0131ya e\u011flenirken,&#8230;<\/p>\n","protected":false},"author":1,"featured_media":90622,"comment_status":"open","ping_status":"open","sticky":false,"template":"","format":"standard","meta":{"_crdt_document":"","footnotes":""},"categories":[1],"tags":[],"class_list":["post-90621","post","type-post","status-publish","format-standard","has-post-thumbnail","hentry","category-guncel"],"_links":{"self":[{"href":"https:\/\/www.egemtv.com\/index.php?rest_route=\/wp\/v2\/posts\/90621","targetHints":{"allow":["GET"]}}],"collection":[{"href":"https:\/\/www.egemtv.com\/index.php?rest_route=\/wp\/v2\/posts"}],"about":[{"href":"https:\/\/www.egemtv.com\/index.php?rest_route=\/wp\/v2\/types\/post"}],"author":[{"embeddable":true,"href":"https:\/\/www.egemtv.com\/index.php?rest_route=\/wp\/v2\/users\/1"}],"replies":[{"embeddable":true,"href":"https:\/\/www.egemtv.com\/index.php?rest_route=%2Fwp%2Fv2%2Fcomments&post=90621"}],"version-history":[{"count":1,"href":"https:\/\/www.egemtv.com\/index.php?rest_route=\/wp\/v2\/posts\/90621\/revisions"}],"predecessor-version":[{"id":90623,"href":"https:\/\/www.egemtv.com\/index.php?rest_route=\/wp\/v2\/posts\/90621\/revisions\/90623"}],"wp:featuredmedia":[{"embeddable":true,"href":"https:\/\/www.egemtv.com\/index.php?rest_route=\/wp\/v2\/media\/90622"}],"wp:attachment":[{"href":"https:\/\/www.egemtv.com\/index.php?rest_route=%2Fwp%2Fv2%2Fmedia&parent=90621"}],"wp:term":[{"taxonomy":"category","embeddable":true,"href":"https:\/\/www.egemtv.com\/index.php?rest_route=%2Fwp%2Fv2%2Fcategories&post=90621"},{"taxonomy":"post_tag","embeddable":true,"href":"https:\/\/www.egemtv.com\/index.php?rest_route=%2Fwp%2Fv2%2Ftags&post=90621"}],"curies":[{"name":"wp","href":"https:\/\/api.w.org\/{rel}","templated":true}]}}