{"id":90618,"date":"2026-02-26T14:56:03","date_gmt":"2026-02-26T11:56:03","guid":{"rendered":"https:\/\/www.egemtv.com\/?p=90618"},"modified":"2026-02-26T14:56:04","modified_gmt":"2026-02-26T11:56:04","slug":"muglaspor-erzincan-maci-hazirliklarini-surduruyor","status":"publish","type":"post","link":"https:\/\/www.egemtv.com\/?p=90618","title":{"rendered":"Mu\u011flaspor, Erzincan ma\u00e7\u0131 haz\u0131rl\u0131klar\u0131n\u0131 s\u00fcrd\u00fcr\u00fcyor"},"content":{"rendered":"<p>TFF 2. Lig\u2019de m\u00fccadele eden Mu\u011flaspor, ge\u00e7ti\u011fimiz hafta kendi sahas\u0131nda \u0130skenderunspor ile 0-0 berabere kalarak kaybetti\u011fi puanlar\u0131, zorlu Erzincan deplasman\u0131nda telafi etmek istiyor. Ye\u015fil-beyazl\u0131 ekip, Pazar g\u00fcn\u00fc saat 13.00\u2019te oynanacak 24 Erzincanspor ma\u00e7\u0131 haz\u0131rl\u0131klar\u0131n\u0131 Ortak\u00f6y Kemal Dirikan Tesisleri\u2019nde s\u00fcrd\u00fcr\u00fcyor.<\/p>\n<p>\u0130skenderunspor kar\u015f\u0131s\u0131nda al\u0131nan beraberli\u011fi de\u011ferlendiren Teknik Direkt\u00f6r Besim Durmu\u015f, taraftar\u0131 \u00fczd\u00fckleri i\u00e7in mahcup olduklar\u0131n\u0131 belirtti. Durmu\u015f, &#8220;\u00c7ok \u00fcz\u00fcc\u00fc bir beraberlik ald\u0131k, \u00fczg\u00fcn\u00fcz. Taraftarlar\u0131m\u0131z\u0131n deste\u011fi ile kazanmak istiyorduk. Rakibimiz \u00e7ok kat\u0131 savunma yap\u0131nca a\u00e7amad\u0131k. 2 tane, 3 tane de pozisyon bulduk, direkten d\u00f6nd\u00fc. Biraz da \u015fanss\u0131zl\u0131k ya\u015fad\u0131k ama maalesef istemedi\u011fimiz bir sonu\u00e7la kar\u015f\u0131la\u015ft\u0131k&#8221; dedi.<\/p>\n<p>Teknik Direkt\u00f6r Durmu\u015f, kay\u0131p puanlar\u0131 telafi etmek i\u00e7in tek \u00e7arenin galibiyet oldu\u011funu vurgulayan tecr\u00fcbeli teknik adam, \u015fartlar ne olursa olsun kazanmaya odakland\u0131klar\u0131n\u0131 ifade ederek, &#8220;\u015eimdi bunu telafi etmek i\u00e7in y\u00fczde y\u00fcz kazanmak i\u00e7in gidiyoruz. \u0130n\u015fallah kazanarak geri d\u00f6nece\u011fiz. Saha \u015fartlar\u0131, hava \u015fartlar\u0131, iklim ne olursa olsun kaybetti\u011fimiz 2 puan\u0131 orada telafi ederek, kazanarak geri d\u00f6nmek istiyoruz. Tek d\u00fc\u015f\u00fcncemiz bu&#8221; dedi.<\/p>\n<p>Kart cezal\u0131lar\u0131 d\u00f6n\u00fcyor<br \/>\n<br \/>Ortak\u00f6y Kemal Dirikan Tesisleri\u2019nde devam eden antrenmanlarda tak\u0131m\u0131n moralinin y\u00fcksek oldu\u011fu g\u00f6zlendi. Kadrodaki eksikler hakk\u0131nda da bilgi veren Besim Durmu\u015f, cezal\u0131 oyuncular\u0131n d\u00f6nmesiyle elinin g\u00fc\u00e7lendi\u011fini s\u00f6yledi. Sar\u0131 kart cezalar\u0131 sona eren Abdurrahman Canl\u0131 ve Fatih Somuncu tak\u0131ma kat\u0131ld\u0131. Tak\u0131mda sadece cezas\u0131 bitmeyen Sedat \u015eahint\u00fcrk bu hafta g\u00f6rev alamayacak.<\/p>\n<p>Durmu\u015f, tak\u0131m\u0131n son durumunu \u015fu s\u00f6zlerle \u00f6zetledi: &#8220;Gayet iyiyiz. \u0130ki sar\u0131 kart cezal\u0131m\u0131z vard\u0131, onlar da geri geldi. Sadece Sedat cezal\u0131, onun cezas\u0131 bitmedi. Onun d\u0131\u015f\u0131nda gayet iyiyiz, enerjimiz y\u00fcksek her zamanki oldu\u011fu gibi bir s\u0131k\u0131nt\u0131m\u0131z yok. Abdurrahman Canl\u0131 ile Fatih Somuncu geri geldi&#8221;<br \/><\/p>\n","protected":false},"excerpt":{"rendered":"<p>TFF 2. Lig\u2019de m\u00fccadele eden Mu\u011flaspor, ge\u00e7ti\u011fimiz hafta kendi sahas\u0131nda \u0130skenderunspor ile 0-0 berabere kalarak kaybetti\u011fi puanlar\u0131, zorlu Erzincan deplasman\u0131nda telafi etmek istiyor. Ye\u015fil-beyazl\u0131 ekip, Pazar g\u00fcn\u00fc saat 13.00\u2019te oynanacak 24 Erzincanspor ma\u00e7\u0131 haz\u0131rl\u0131klar\u0131n\u0131 Ortak\u00f6y Kemal Dirikan Tesisleri\u2019nde s\u00fcrd\u00fcr\u00fcyor. \u0130skenderunspor kar\u015f\u0131s\u0131nda al\u0131nan beraberli\u011fi de\u011ferlendiren Teknik Direkt\u00f6r Besim Durmu\u015f, taraftar\u0131 \u00fczd\u00fckleri i\u00e7in mahcup olduklar\u0131n\u0131 belirtti. Durmu\u015f,&#8230;<\/p>\n","protected":false},"author":1,"featured_media":90619,"comment_status":"open","ping_status":"open","sticky":false,"template":"","format":"standard","meta":{"_crdt_document":"","footnotes":""},"categories":[4],"tags":[],"class_list":["post-90618","post","type-post","status-publish","format-standard","has-post-thumbnail","hentry","category-spor"],"_links":{"self":[{"href":"https:\/\/www.egemtv.com\/index.php?rest_route=\/wp\/v2\/posts\/90618","targetHints":{"allow":["GET"]}}],"collection":[{"href":"https:\/\/www.egemtv.com\/index.php?rest_route=\/wp\/v2\/posts"}],"about":[{"href":"https:\/\/www.egemtv.com\/index.php?rest_route=\/wp\/v2\/types\/post"}],"author":[{"embeddable":true,"href":"https:\/\/www.egemtv.com\/index.php?rest_route=\/wp\/v2\/users\/1"}],"replies":[{"embeddable":true,"href":"https:\/\/www.egemtv.com\/index.php?rest_route=%2Fwp%2Fv2%2Fcomments&post=90618"}],"version-history":[{"count":1,"href":"https:\/\/www.egemtv.com\/index.php?rest_route=\/wp\/v2\/posts\/90618\/revisions"}],"predecessor-version":[{"id":90620,"href":"https:\/\/www.egemtv.com\/index.php?rest_route=\/wp\/v2\/posts\/90618\/revisions\/90620"}],"wp:featuredmedia":[{"embeddable":true,"href":"https:\/\/www.egemtv.com\/index.php?rest_route=\/wp\/v2\/media\/90619"}],"wp:attachment":[{"href":"https:\/\/www.egemtv.com\/index.php?rest_route=%2Fwp%2Fv2%2Fmedia&parent=90618"}],"wp:term":[{"taxonomy":"category","embeddable":true,"href":"https:\/\/www.egemtv.com\/index.php?rest_route=%2Fwp%2Fv2%2Fcategories&post=90618"},{"taxonomy":"post_tag","embeddable":true,"href":"https:\/\/www.egemtv.com\/index.php?rest_route=%2Fwp%2Fv2%2Ftags&post=90618"}],"curies":[{"name":"wp","href":"https:\/\/api.w.org\/{rel}","templated":true}]}}